{"id":29368,"date":"2008-07-12T14:00:09","date_gmt":"2008-07-12T12:00:09","guid":{"rendered":"http:\/\/www.ivg.it\/2008\/07\/12\/bonifica-acna-il-commissario-romano-entro-settembre-la-consegna-delle-aree\/"},"modified":"2008-07-14T08:44:01","modified_gmt":"2008-07-14T06:44:01","slug":"bonifica-acna-il-commissario-romano-entro-settembre-la-consegna-delle-aree","status":"publish","type":"post","link":"https:\/\/staging.ivg.it\/2008\/07\/bonifica-acna-il-commissario-romano-entro-settembre-la-consegna-delle-aree\/","title":{"rendered":"Bonifica ex Acna, il commissario Romano: &#8220;entro settembre la consegna delle aree&#8221;"},"content":{"rendered":"<p><strong>[thumb:4437:l]Cengio.<\/strong> &#8220;Il 30 giugno, si pu\u00f2 dire, che la bonifica \u00e8 stata completata, mancano ancora alcuni lavori marginali, ma direi che ormai ci siamo&#8221;. Cos\u00ec l&#8217;ex Prefetto di Genova e commissario straordinario Giuseppe Romano ha parlato della status della bonifica delle ex aree dell&#8217;Acna di Cengio, durante la visita del presidente della Regione Liguria Claudio Burlando in Val Bormida.<\/p>\n<p>&#8220;L&#8217;impegno con la vallata e con il territorio \u00e8 stato rispettato, ora si tratta di vedere il recupero delle aree per nuove finalit\u00e0 produttive. La proroga della gestione commissariale \u00e8 fino a fine anno, anche se ritengo che entro met\u00e0 settembre potr\u00e0 avvenire la consegna ufficiale delle aree. Ora tocca agli organi di governo stabilire i futuri insediamenti ecocompatibili per il rilancio economico dell&#8217;area. Importante \u00e8 l&#8217;interesse congiunto mostrato da Regione Liguria e Piemonte&#8221;.<\/p>\n<p>E tornando sulla bonifica: &#8220;L&#8217;area verr\u00e0 restituita non nella sua vecchia versione, ovviamente, tuttavia le opere di riqualificazione ambientale hanno rappresentanto un qualcosa in pi\u00f9 rispetto ai progetti di bonifica stabiliti&#8221;.<\/p>\n","protected":false},"excerpt":{"rendered":"<p>[thumb:4437:l]Cengio. &#8220;Il 30 giugno, si pu\u00f2 dire, che la bonifica \u00e8 stata completata, mancano ancora alcuni lavori marginali, ma direi che ormai ci siamo&#8221;. Cos\u00ec l&#8217;ex Prefetto di Genova e commissario straordinario Giuseppe Romano ha parlato della status della bonifica delle ex aree dell&#8217;Acna di Cengio, durante la visita del presidente della Regione Liguria Claudio [&hellip;]<\/p>\n","protected":false},"author":13744,"featured_media":0,"comment_status":"open","ping_status":"closed","sticky":false,"template":"","format":"standard","meta":{"footnotes":""},"categories":[35],"tags":[],"class_list":["post-29368","post","type-post","status-publish","format-standard","hentry","category-economia","post_cat_citta-andora","post_cat_citta-cengio"],"amp_validity":null,"amp_enabled":true,"_links":{"self":[{"href":"https:\/\/staging.ivg.it\/ediapi\/wp\/v2\/posts\/29368","targetHints":{"allow":["GET"]}}],"collection":[{"href":"https:\/\/staging.ivg.it\/ediapi\/wp\/v2\/posts"}],"about":[{"href":"https:\/\/staging.ivg.it\/ediapi\/wp\/v2\/types\/post"}],"author":[{"embeddable":true,"href":"https:\/\/staging.ivg.it\/ediapi\/wp\/v2\/users\/13744"}],"replies":[{"embeddable":true,"href":"https:\/\/staging.ivg.it\/ediapi\/wp\/v2\/comments?post=29368"}],"version-history":[{"count":0,"href":"https:\/\/staging.ivg.it\/ediapi\/wp\/v2\/posts\/29368\/revisions"}],"wp:attachment":[{"href":"https:\/\/staging.ivg.it\/ediapi\/wp\/v2\/media?parent=29368"}],"wp:term":[{"taxonomy":"category","embeddable":true,"href":"https:\/\/staging.ivg.it\/ediapi\/wp\/v2\/categories?post=29368"},{"taxonomy":"post_tag","embeddable":true,"href":"https:\/\/staging.ivg.it\/ediapi\/wp\/v2\/tags?post=29368"}],"curies":[{"name":"wp","href":"https:\/\/api.w.org\/{rel}","templated":true}]}}