{"id":293483,"date":"2015-05-28T07:46:01","date_gmt":"2015-05-28T05:46:01","guid":{"rendered":"http:\/\/www.ivg.it\/?p=293483"},"modified":"2015-05-28T08:37:14","modified_gmt":"2015-05-28T06:37:14","slug":"turismo-per-il-ponte-del-2-giugno-in-arrivo-vacanzieri-last-minute","status":"publish","type":"post","link":"https:\/\/staging.ivg.it\/2015\/05\/turismo-per-il-ponte-del-2-giugno-in-arrivo-vacanzieri-last-minute\/","title":{"rendered":"Turismo, per il ponte del 2 giugno in arrivo vacanzieri &#8220;last minute&#8221;"},"content":{"rendered":"<p><strong>Savona.<\/strong> Sar\u00e0 un ponte da &#8220;last minute&#8221; per gli albergatori della Riviera di Ponente. Questo \u00e8 quanto prevede Carlo Scrivano dell&#8217;Upa, l&#8217;Unione Provinciale degli Albergatori di Savona.<\/p>\n<p>&#8220;Ormai dobbiamo abituarci a questo tipo di turismo. Si prenotano stanze per due giorni e poi i vacanzieri tornano a casa. E questo accadr\u00e0 anche per il ponte del 2 giugno &#8211; dice Scrivano &#8211; Gli arrivi dipenderanno soprattutto dalle condizioni meteo&#8221;.<\/p>\n<p>Nel corso del ponte del 2 giugno i vacanzieri troveranno gli stabilimenti balneari aperti con nuovi servizi che poi saranno confermati anche durante la stagione estiva. &#8220;Siamo pronti ad un&#8217;estate spumeggiante &#8211; dice Riccardo Borgo, presidente nazionale del Sib il sindacato balneare &#8211; Almeno questo \u00e8 il nostro auspicio. Come gi\u00e0 detto in altre occasioni tutto dipender\u00e0 dal meteo. Se ci sar\u00e0 il sole e se le temperature saranno costanti allora faremo davvero il tutto esaurito&#8221;.<\/p>\n","protected":false},"excerpt":{"rendered":"<p> Gli arrivi dei turisti per il ponte lungo dipenderanno soprattutto dalle condizioni meteo<\/p>\n","protected":false},"author":12291,"featured_media":0,"comment_status":"open","ping_status":"closed","sticky":false,"template":"","format":"standard","meta":{"footnotes":""},"categories":[45296,56],"tags":[6165,6191,66132],"class_list":["post-293483","post","type-post","status-publish","format-standard","hentry","category-copertina","category-altre","tag-unione-provinciale-albergatori","tag-upa","tag-upasv","post_cat_citta-alassio","post_cat_citta-finale-ligure","post_cat_citta-laigueglia","post_cat_citta-loano","post_cat_citta-pietra-ligure","post_cat_citta-varazze","post_tag_personaggi-carlo-scrivano"],"amp_validity":null,"amp_enabled":true,"_links":{"self":[{"href":"https:\/\/staging.ivg.it\/ediapi\/wp\/v2\/posts\/293483","targetHints":{"allow":["GET"]}}],"collection":[{"href":"https:\/\/staging.ivg.it\/ediapi\/wp\/v2\/posts"}],"about":[{"href":"https:\/\/staging.ivg.it\/ediapi\/wp\/v2\/types\/post"}],"author":[{"embeddable":true,"href":"https:\/\/staging.ivg.it\/ediapi\/wp\/v2\/users\/12291"}],"replies":[{"embeddable":true,"href":"https:\/\/staging.ivg.it\/ediapi\/wp\/v2\/comments?post=293483"}],"version-history":[{"count":0,"href":"https:\/\/staging.ivg.it\/ediapi\/wp\/v2\/posts\/293483\/revisions"}],"wp:attachment":[{"href":"https:\/\/staging.ivg.it\/ediapi\/wp\/v2\/media?parent=293483"}],"wp:term":[{"taxonomy":"category","embeddable":true,"href":"https:\/\/staging.ivg.it\/ediapi\/wp\/v2\/categories?post=293483"},{"taxonomy":"post_tag","embeddable":true,"href":"https:\/\/staging.ivg.it\/ediapi\/wp\/v2\/tags?post=293483"}],"curies":[{"name":"wp","href":"https:\/\/api.w.org\/{rel}","templated":true}]}}