{"id":293480,"date":"2015-05-28T06:40:20","date_gmt":"2015-05-28T04:40:20","guid":{"rendered":"http:\/\/www.ivg.it\/?p=293480"},"modified":"2015-05-28T06:57:22","modified_gmt":"2015-05-28T04:57:22","slug":"don-lu-ha-lasciato-il-carcere-il-parroco-di-alassio-e-a-imperia","status":"publish","type":"post","link":"https:\/\/staging.ivg.it\/2015\/05\/don-lu-ha-lasciato-il-carcere-il-parroco-di-alassio-e-a-imperia\/","title":{"rendered":"Don &#8220;Lu&#8221; ha lasciato il carcere, il parroco di Alassio \u00e8 a Imperia"},"content":{"rendered":"<p><strong>Alassio.<\/strong> Da La Spezia a Imperia. Don Luciano Massaferro ha lasciato il carcere dopo essere stato condannato anche in Cassazione a 7 anni e 8 mesi di reclusione per avere molestato sessualmente una chierichetta della parrocchia di San Giovanni ad Alassio. <\/p>\n<p>Il sacerdote ha raggiunto la Riviera, dopo che il Tribunale ha accolto la richiesta dei suoi legali con l&#8217;affidamento in prova ai servizi sociali di Imperia. Ora distribuisce pasti ed ha trovato ospitalit\u00e0 alla Casa della Carit\u00e0. Rispetto all&#8217;ultimo periodo della detenzione spezzina non si tratta solo di un avvicinamento a casa, visto che adesso Massaferro non ha pi\u00f9 alcun vincolo formale, se non quello di rimanere in casa nelle ore notturne, dalle 21 alle 6. <\/p>\n<p>Di giorno deve solo assolvere i compiti previsti dalla sua mansione, cio\u00e8 fare il giro di consegna dei pasti, poi pu\u00f2 fare sostanzialmente ci\u00f2 che vuole. La piena libert\u00e0, comunque, non dovrebbe tardare, visto che i giudici gli hanno accordato anche la liberazione anticipata, fissata per febbraio, con quasi due anni di anticipo rispetto alla scadenza originaria. A conti fatti dei 7 anni e 8 mesi di condanna, Massaferro ne ha scontati 6, equamente divisi tra il carcere e gli arresti domiciliari.<\/p>\n<p>Ma per don Lu all&#8217;orizzonte c&#8217;\u00e8 il processo canonico. In Vaticano sembra ormai consolidata la linea del rigore nei confronti di colpe inerenti la pedofilia e c&#8217;\u00e8 chi dice che don L\u00f9 potrebbe rischiare addirittura la riduzione allo stato laicale.<\/p>\n","protected":false},"excerpt":{"rendered":"<p>Pena di 7 anni in tutti e tre i gradi di giudizio per il prete che molest\u00f2 una sua chierichetta ora ospite alla casa della carit\u00e0<\/p>\n","protected":false},"author":12291,"featured_media":0,"comment_status":"open","ping_status":"closed","sticky":false,"template":"","format":"standard","meta":{"footnotes":""},"categories":[45296,56],"tags":[4459,5527],"class_list":["post-293480","post","type-post","status-publish","format-standard","hentry","category-copertina","category-altre","tag-cassazione","tag-vaticano","post_cat_citta-alassio","post_cat_citta-imperia","post_tag_personaggi-don-luciano-massaferoo"],"amp_validity":null,"amp_enabled":true,"_links":{"self":[{"href":"https:\/\/staging.ivg.it\/ediapi\/wp\/v2\/posts\/293480","targetHints":{"allow":["GET"]}}],"collection":[{"href":"https:\/\/staging.ivg.it\/ediapi\/wp\/v2\/posts"}],"about":[{"href":"https:\/\/staging.ivg.it\/ediapi\/wp\/v2\/types\/post"}],"author":[{"embeddable":true,"href":"https:\/\/staging.ivg.it\/ediapi\/wp\/v2\/users\/12291"}],"replies":[{"embeddable":true,"href":"https:\/\/staging.ivg.it\/ediapi\/wp\/v2\/comments?post=293480"}],"version-history":[{"count":0,"href":"https:\/\/staging.ivg.it\/ediapi\/wp\/v2\/posts\/293480\/revisions"}],"wp:attachment":[{"href":"https:\/\/staging.ivg.it\/ediapi\/wp\/v2\/media?parent=293480"}],"wp:term":[{"taxonomy":"category","embeddable":true,"href":"https:\/\/staging.ivg.it\/ediapi\/wp\/v2\/categories?post=293480"},{"taxonomy":"post_tag","embeddable":true,"href":"https:\/\/staging.ivg.it\/ediapi\/wp\/v2\/tags?post=293480"}],"curies":[{"name":"wp","href":"https:\/\/api.w.org\/{rel}","templated":true}]}}