{"id":293464,"date":"2015-05-27T18:34:11","date_gmt":"2015-05-27T16:34:11","guid":{"rendered":"http:\/\/www.ivg.it\/?p=293464"},"modified":"2015-05-28T11:28:32","modified_gmt":"2015-05-28T09:28:32","slug":"rissa-tra-fidanzati-a-carcare-calci-pugni-e-coltellate","status":"publish","type":"post","link":"https:\/\/staging.ivg.it\/2015\/05\/rissa-tra-fidanzati-a-carcare-calci-pugni-e-coltellate\/","title":{"rendered":"Rissa tra fidanzati a Carcare: lui la picchia, lei lo accoltella"},"content":{"rendered":"<p><strong>Carcare.<\/strong> Emergono nuovi particolari sulla <strong>furibonda lite tra due fidanzati scoppiata questa mattina a Carcare<\/strong>, in localit\u00e0 Vispa, con l\u2019intervento dei carabinieri. Una situazione ben pi\u00f9 complessa di quanto apparso inizialmente, che i militari stanno faticosamente ricostruendo.<\/p>\n<p>Secondo quanto emerso finora, la lite sarebbe scoppiata tra <strong>una colombiana di 24 anni, H.J., ballerina nel locale &#8220;Follia!&#8221; di Altare, ed il suo convivente italiano, l&#8217;albenganese Y.S., 30 anni<\/strong>. Una coppia che, stando ai racconti dei vicini, gi\u00e0 in passato avrebbe vissuto episodi simili, con\u00a0urla e insulti.<\/p>\n<p>Ieri, per\u00f2, si \u00e8 rischiata la tragedia: prima gli schiaffi, i calci e i pugni, quindi \u00e8 sbucato anche un coltello. Difficile dire con esattezza cosa \u00e8 accaduto: secondo quanto trapelato <strong>la donna avrebbe pi\u00f9 volte invocato aiuto<\/strong>, anche tentando di telefonare ad un&#8217;amica, ma quando i carabinieri (chiamati dai vicini allarmati) sono arrivati la donna era sola, col volto tumefatto, mentre <strong>l&#8217;uomo si era allontanato dopo che lei lo aveva accoltellato<\/strong>.<\/p>\n<p>Dopo l\u2019intervento dei militari e del personale sanitario nella loro abitazione, <strong>lei \u00e8 stata portata all&#8217;ospedale San Paolo di Savona<\/strong> per le lesioni riportate nella violenta lite, <strong>lui \u00e8 stato invece rintracciato poche ore dopo quando si \u00e8 rivolto al Pronto Soccorso del\u00a0Santa Corona di Pietra Ligure<\/strong> per le ferite causate dal coltello.<\/p>\n<p>Ora i\u00a0carabinieri indagano nei confronti della <strong>donna, denunciata <\/strong>alla Procura della Repubblica di Savona<strong> per lesioni aggravate da arma da taglio. <\/strong>Per l&#8217;uomo si proceder\u00e0, nel caso, per lesioni colpose solo nell&#8217;ipotesi di querela da parte della donna per le botte subite nella rissa domestica.<\/p>\n","protected":false},"excerpt":{"rendered":"<p>Indagano i carabinieri: la donna \u00e8 stata denunciata per per lesioni aggravate da arma da taglio<\/p>\n","protected":false},"author":4,"featured_media":0,"comment_status":"open","ping_status":"closed","sticky":false,"template":"","format":"standard","meta":{"footnotes":""},"categories":[45296,34],"tags":[228,340,718],"class_list":["post-293464","post","type-post","status-publish","format-standard","hentry","category-copertina","category-cronaca","tag-carabinieri","tag-lite","tag-rissa"],"amp_validity":null,"amp_enabled":true,"_links":{"self":[{"href":"https:\/\/staging.ivg.it\/ediapi\/wp\/v2\/posts\/293464","targetHints":{"allow":["GET"]}}],"collection":[{"href":"https:\/\/staging.ivg.it\/ediapi\/wp\/v2\/posts"}],"about":[{"href":"https:\/\/staging.ivg.it\/ediapi\/wp\/v2\/types\/post"}],"author":[{"embeddable":true,"href":"https:\/\/staging.ivg.it\/ediapi\/wp\/v2\/users\/4"}],"replies":[{"embeddable":true,"href":"https:\/\/staging.ivg.it\/ediapi\/wp\/v2\/comments?post=293464"}],"version-history":[{"count":0,"href":"https:\/\/staging.ivg.it\/ediapi\/wp\/v2\/posts\/293464\/revisions"}],"wp:attachment":[{"href":"https:\/\/staging.ivg.it\/ediapi\/wp\/v2\/media?parent=293464"}],"wp:term":[{"taxonomy":"category","embeddable":true,"href":"https:\/\/staging.ivg.it\/ediapi\/wp\/v2\/categories?post=293464"},{"taxonomy":"post_tag","embeddable":true,"href":"https:\/\/staging.ivg.it\/ediapi\/wp\/v2\/tags?post=293464"}],"curies":[{"name":"wp","href":"https:\/\/api.w.org\/{rel}","templated":true}]}}