{"id":293463,"date":"2015-05-27T18:19:33","date_gmt":"2015-05-27T16:19:33","guid":{"rendered":"http:\/\/www.ivg.it\/?p=293463"},"modified":"2015-05-27T18:19:33","modified_gmt":"2015-05-27T16:19:33","slug":"regionali-alberto-passino-chiude-ad-albenga-la-sua-campagna-elettorale","status":"publish","type":"post","link":"https:\/\/staging.ivg.it\/2015\/05\/regionali-alberto-passino-chiude-ad-albenga-la-sua-campagna-elettorale\/","title":{"rendered":"Regionali, Alberto Passino chiude ad Albenga la sua campagna elettorale"},"content":{"rendered":"<p><strong>Albenga.<\/strong> Domani sera alle ore 21.00 presso l&#8217;Auditorium San Carlo ad Albenga, Alberto Passino, presidente del Consiglio Comunale di Albenga, candidato Consigliere Regionale nella lista &#8220;Liguri con Paita Presidente&#8221; alle elezioni del prossimo 31 maggio, terr\u00e0 l&#8217;incontro di chiusura della sua campagna elettorale.<\/p>\n<p>&#8220;La campagna elettorale trova conclusione nella citt\u00e0 dove \u00e8 cominciata, Albenga, un territorio che merita di essere rappresentato e valorizzato a livello regionale &#8211; afferma Passino &#8211; In queste settimane ho incontrato moltissime persone, ho ascoltato le loro problematiche, e ho presentato loro il mio programma, tante idee condivise per far contare sempre di pi\u00f9 il nostro comprensorio. Su tematiche come sanit\u00e0, turismo, agricoltura, e su altri argomenti fondamentali, la citt\u00e0 di Albenga, in Regione, pu\u00f2 e deve far sentire la sua voce: \u00e8 un&#8217;occasione importante, per contare davvero&#8221;.<\/p>\n","protected":false},"excerpt":{"rendered":"<p>Albenga. Domani sera alle ore 21.00 presso l&#8217;Auditorium San Carlo ad Albenga, Alberto Passino, presidente del Consiglio Comunale di Albenga, candidato Consigliere Regionale nella lista &#8220;Liguri con Paita Presidente&#8221; alle elezioni del prossimo 31 maggio, terr\u00e0 l&#8217;incontro di chiusura della sua campagna elettorale. &#8220;La campagna elettorale trova conclusione nella citt\u00e0 dove \u00e8 cominciata, Albenga, un [&hellip;]<\/p>\n","protected":false},"author":10593,"featured_media":0,"comment_status":"open","ping_status":"closed","sticky":false,"template":"","format":"standard","meta":{"footnotes":""},"categories":[31],"tags":[10658,54363],"class_list":["post-293463","post","type-post","status-publish","format-standard","hentry","category-politica","tag-elezioni-regionali","tag-regionali-2015","post_cat_citta-albenga","post_tag_personaggi-alberto-passino"],"amp_validity":null,"amp_enabled":true,"_links":{"self":[{"href":"https:\/\/staging.ivg.it\/ediapi\/wp\/v2\/posts\/293463","targetHints":{"allow":["GET"]}}],"collection":[{"href":"https:\/\/staging.ivg.it\/ediapi\/wp\/v2\/posts"}],"about":[{"href":"https:\/\/staging.ivg.it\/ediapi\/wp\/v2\/types\/post"}],"author":[{"embeddable":true,"href":"https:\/\/staging.ivg.it\/ediapi\/wp\/v2\/users\/10593"}],"replies":[{"embeddable":true,"href":"https:\/\/staging.ivg.it\/ediapi\/wp\/v2\/comments?post=293463"}],"version-history":[{"count":0,"href":"https:\/\/staging.ivg.it\/ediapi\/wp\/v2\/posts\/293463\/revisions"}],"wp:attachment":[{"href":"https:\/\/staging.ivg.it\/ediapi\/wp\/v2\/media?parent=293463"}],"wp:term":[{"taxonomy":"category","embeddable":true,"href":"https:\/\/staging.ivg.it\/ediapi\/wp\/v2\/categories?post=293463"},{"taxonomy":"post_tag","embeddable":true,"href":"https:\/\/staging.ivg.it\/ediapi\/wp\/v2\/tags?post=293463"}],"curies":[{"name":"wp","href":"https:\/\/api.w.org\/{rel}","templated":true}]}}