{"id":293294,"date":"2015-05-26T09:16:15","date_gmt":"2015-05-26T07:16:15","guid":{"rendered":"http:\/\/www.ivg.it\/?p=293294"},"modified":"2015-05-26T09:16:15","modified_gmt":"2015-05-26T07:16:15","slug":"i-candidati-si-confrontano-in-tv-il-televoto-premia-alice-salvatore-toti-e-paita-inseguono","status":"publish","type":"post","link":"https:\/\/staging.ivg.it\/2015\/05\/i-candidati-si-confrontano-in-tv-il-televoto-premia-alice-salvatore-toti-e-paita-inseguono\/","title":{"rendered":"I candidati si confrontano in tv: il televoto premia Alice Salvatore, Toti e Paita inseguono"},"content":{"rendered":"<p><strong>Liguria.<\/strong> E&#8217; durato quasi due ore il confronto pubblico andato in onda su SkyTg24 tra quattro dei candidati alla presidenza della Regione, cio\u00e8 Raffaella Paita, Pd, Giovanni Toti, centrodestra, Alice Salvatore, M5S e Luca Pastorino, sostenuto da Rete a Sinistra.<\/p>\n<p>Il dibattito ha avuto toni piuttosto pacati, a parte qualche scambio acceso di battute e repliche, e i telespettatori hanno avuto l&#8217;occasione di rispondere alla domanda &#8220;chi ti ha convinto di pi\u00f9?&#8221;. A prevalere \u00e8 stata la Salvatore col 35%, seguita da Toti (27%), Paita (25%) e Pastorino (13%). Clima molto pi\u00f9 da derby cittadino quello in piazza de Ferrari, dove si sono radunate centinaia di persone delle diverse &#8220;tifoserie&#8221; per seguire il confronto in diretta.<\/p>\n<p>Escluso dalla serata il candidato di Liguria Libera, Enrico Musso, che ha accusato SkyTv &#8220;di falsare la competizione elettorale&#8221;, spiegando di valutare azioni legale. Da Sky non si commentano eventuali iniziative, ma si fa notare che Musso ha partecipato ad un confronto con Antonio Bruno dell&#8217;Altra Liguria e con Matteo Piccardi, Partito comunista dei lavoratori, andato in onda venerd\u00ec a Skytg24 del pomeriggio. Bruno in serata ha reso noto che oggi presenter\u00e0 un esposto al Corecom.<\/p>\n","protected":false},"excerpt":{"rendered":"<p>Il dibattito \u00e8 andato in onda ieri sera su SkyTg24: i sostenitori dei quattro candidati erano collegati da piazza De Ferrari<\/p>\n","protected":false},"author":2394,"featured_media":0,"comment_status":"open","ping_status":"closed","sticky":false,"template":"","format":"standard","meta":{"footnotes":""},"categories":[45296,31],"tags":[54363],"class_list":["post-293294","post","type-post","status-publish","format-standard","hentry","category-copertina","category-politica","tag-regionali-2015","post_cat_citta-andora","post_tag_personaggi-alice-salvatore","post_tag_personaggi-giovanni-toti","post_tag_personaggi-luca-pastorino","post_tag_personaggi-raffaella-paita"],"amp_validity":null,"amp_enabled":true,"_links":{"self":[{"href":"https:\/\/staging.ivg.it\/ediapi\/wp\/v2\/posts\/293294","targetHints":{"allow":["GET"]}}],"collection":[{"href":"https:\/\/staging.ivg.it\/ediapi\/wp\/v2\/posts"}],"about":[{"href":"https:\/\/staging.ivg.it\/ediapi\/wp\/v2\/types\/post"}],"author":[{"embeddable":true,"href":"https:\/\/staging.ivg.it\/ediapi\/wp\/v2\/users\/2394"}],"replies":[{"embeddable":true,"href":"https:\/\/staging.ivg.it\/ediapi\/wp\/v2\/comments?post=293294"}],"version-history":[{"count":0,"href":"https:\/\/staging.ivg.it\/ediapi\/wp\/v2\/posts\/293294\/revisions"}],"wp:attachment":[{"href":"https:\/\/staging.ivg.it\/ediapi\/wp\/v2\/media?parent=293294"}],"wp:term":[{"taxonomy":"category","embeddable":true,"href":"https:\/\/staging.ivg.it\/ediapi\/wp\/v2\/categories?post=293294"},{"taxonomy":"post_tag","embeddable":true,"href":"https:\/\/staging.ivg.it\/ediapi\/wp\/v2\/tags?post=293294"}],"curies":[{"name":"wp","href":"https:\/\/api.w.org\/{rel}","templated":true}]}}