{"id":293261,"date":"2015-05-25T17:25:22","date_gmt":"2015-05-25T15:25:22","guid":{"rendered":"http:\/\/www.ivg.it\/?p=293261"},"modified":"2015-05-25T17:30:02","modified_gmt":"2015-05-25T15:30:02","slug":"regionali-un-santino-virtuale-rifiutato-scatena-il-vaffa-del-politico","status":"publish","type":"post","link":"https:\/\/staging.ivg.it\/2015\/05\/regionali-un-santino-virtuale-rifiutato-scatena-il-vaffa-del-politico\/","title":{"rendered":"Regionali: un santino virtuale rifiutato scatena il &#8220;vaffa&#8221; del politico"},"content":{"rendered":"<p><strong>Albenga<\/strong>. Per contattarla ha deciso di utilizzare i social network e, tramite Facebook, <strong>le ha inviato un messaggio privato con il quale la invitava a &#8220;sostener[lo] e aiutar[lo] per le elezioni regionali&#8221;<\/strong>. Quando <strong>lei ha risposto &#8220;picche&#8221;<\/strong> argomentando in maniera chiara ma decisa le proprie ragioni, <strong>l&#8217;altro ha ribattuto con un ben poco diplomatico &#8220;Ma vaffanculo maleducata&#8221;<\/strong>.<\/p>\n<p>Protagonisti dell&#8217;incidente politico-informatico <strong>un noto politico candidato alle regionali di domenica e un&#8217;attivista del Movimento 5 Stelle di Albenga<\/strong>. Dopo aver letto il messaggio del politico con la richiesta di sostegno, la &#8220;grillina&#8221; ha risposto: &#8220;I cambi di casacca, con abiti nuovi su quelli vecchi, sporchi e logori, lasciano l&#8217;olezzo insopportabile di opportunismo e clientelismo. In Regione abbiamo bisogno di aria nuova ed onest\u00e0. Di affarismo son morte troppe persone, sotto fango ed ipocrisia. Buona giornata&#8221;.<\/p>\n<p>Una risposta ferma e ragionata che per\u00f2 non ha affatto soddisfatto il politico, che ha risposto con un &#8220;Ma vaffanculo maleducata&#8221; che per qualcuno rappresenta una curiosa dicotomia.<\/p>\n<p align=\"JUSTIFY\">Lo scambio epistolare \u00e8 stato pubblicato sulla pagina Facebook del <strong>Movimento 5 Stelle di Albenga<\/strong>: &#8220;Indovinate un po&#8217; chi \u00e8 il politichetto ingauno che ha risposto ad una nostra attivista solo perch\u00e9 \u00e8 stato fatto osservare che i cambi di casacca fanno schifo? \u2013 hanno scritto gli attivisti \u2013 <strong>Vergogna per chi sostiene questi sciacalli che hanno usato e usano le istituzioni per altri fini, oltre il semplice servire la collettivit\u00e0 senza interessi personali&#8221;<\/strong>.<\/p>\n<p align=\"JUSTIFY\">Uno scontro tra fronti opposti che a meno di una settimana dalla tornata elettorale di certo non ha fatto altro che scaldare ancora di pi\u00f9 l&#8217;ambiente.<\/p>\n","protected":false},"excerpt":{"rendered":"<p>Protagonisti dell&#8217;incidente politico-informatico un candidato alle regionali e un&#8217;attivista del Movimento 5 Stelle di Albenga<\/p>\n","protected":false},"author":12120,"featured_media":0,"comment_status":"open","ping_status":"closed","sticky":false,"template":"","format":"standard","meta":{"footnotes":""},"categories":[45296,31],"tags":[10658,70203,54363],"class_list":["post-293261","post","type-post","status-publish","format-standard","hentry","category-copertina","category-politica","tag-elezioni-regionali","tag-movimento-5-stelle-albenga","tag-regionali-2015","post_cat_citta-albenga"],"amp_validity":null,"amp_enabled":true,"_links":{"self":[{"href":"https:\/\/staging.ivg.it\/ediapi\/wp\/v2\/posts\/293261","targetHints":{"allow":["GET"]}}],"collection":[{"href":"https:\/\/staging.ivg.it\/ediapi\/wp\/v2\/posts"}],"about":[{"href":"https:\/\/staging.ivg.it\/ediapi\/wp\/v2\/types\/post"}],"author":[{"embeddable":true,"href":"https:\/\/staging.ivg.it\/ediapi\/wp\/v2\/users\/12120"}],"replies":[{"embeddable":true,"href":"https:\/\/staging.ivg.it\/ediapi\/wp\/v2\/comments?post=293261"}],"version-history":[{"count":0,"href":"https:\/\/staging.ivg.it\/ediapi\/wp\/v2\/posts\/293261\/revisions"}],"wp:attachment":[{"href":"https:\/\/staging.ivg.it\/ediapi\/wp\/v2\/media?parent=293261"}],"wp:term":[{"taxonomy":"category","embeddable":true,"href":"https:\/\/staging.ivg.it\/ediapi\/wp\/v2\/categories?post=293261"},{"taxonomy":"post_tag","embeddable":true,"href":"https:\/\/staging.ivg.it\/ediapi\/wp\/v2\/tags?post=293261"}],"curies":[{"name":"wp","href":"https:\/\/api.w.org\/{rel}","templated":true}]}}