{"id":293244,"date":"2015-05-25T15:10:43","date_gmt":"2015-05-25T13:10:43","guid":{"rendered":"http:\/\/www.ivg.it\/?p=293244"},"modified":"2015-05-25T15:10:43","modified_gmt":"2015-05-25T13:10:43","slug":"agricoltura-viale-lega-al-pd-va-bene-limu-agricola-noi-continuiamo-a-batterci-per-labolizione-totale","status":"publish","type":"post","link":"https:\/\/staging.ivg.it\/2015\/05\/agricoltura-viale-lega-al-pd-va-bene-limu-agricola-noi-continuiamo-a-batterci-per-labolizione-totale\/","title":{"rendered":"Agricoltura, Viale (Lega): &#8220;Al Pd va bene l&#8217;Imu agricola: noi continuiamo a batterci per l&#8217;abolizione totale&#8221;"},"content":{"rendered":"<p>\u00abL&#8217;Imu agricola \u00e8 una tassa folle che penalizza una categoria, gi\u00e0 in forte crisi, come quella degli agricoltori che invece di essere rilanciata proprio nell&#8217;anno dell&#8217;Expo, dedicato all&#8217;alimentazione, viene tartassata dal governo Renzi. Al Pd va bene mantenere questa tassa: la riprova c&#8217;\u00e8 stata durante l&#8217;ultimo confronto tra i candidati alla presidenza della Regione organizzato dalla Cia di Imperia a cui ho partecipato. Dalla candidata Paita nessun impegno ad attivarsi per l&#8217;abolizione della tassa, anzi una soddisfazione moderata per le parziali esenzioni ottenute da alcuni Comuni montani! Questa \u00e8 l&#8217;attenzione a un settore strategico per il\u00a0made in Liguria\u00a0da parte del Pd? Noi come Lega Nord continueremo a batterci in tutte le sedi istituzionali per l&#8217;abolizione di questo assurdo balzello e dal 1\u00b0 giugno, quando saremo alla guida della Regione, ci attiveremo perch\u00e9 un territorio difficile e fragile come quello ligure sia esentato totalmente dall&#8217;Imu agricola\u00bb. Cos\u00ec interviene Sonia Viale, segretario regionale della Lega Nord Liguria e candidata alla vicepresidenza della Regione per la coalizione di centrodestra che poi attacca: \u00abOggi la signora Paita ospiter\u00e0 a pranzo il suo amico Renzi che chiss\u00e0 se apprezzer\u00e0 i prodotti della nostra terra, frutto della fatica dei nostri agricoltori messi in ginocchio dalle sue inique tasse\u00bb.<\/p>\n<p><strong>Comunicati<\/strong><\/p>\n","protected":false},"excerpt":{"rendered":"<p>\u00abL&#8217;Imu agricola \u00e8 una tassa folle che penalizza una categoria, gi\u00e0 in forte crisi, come quella degli agricoltori che invece di essere rilanciata proprio nell&#8217;anno dell&#8217;Expo, dedicato all&#8217;alimentazione, viene tartassata dal governo Renzi. Al Pd va bene mantenere questa tassa: la riprova c&#8217;\u00e8 stata durante l&#8217;ultimo confronto tra i candidati alla presidenza della Regione organizzato [&hellip;]<\/p>\n","protected":false},"author":12120,"featured_media":0,"comment_status":"open","ping_status":"closed","sticky":false,"template":"","format":"standard","meta":{"footnotes":""},"categories":[45296,31],"tags":[60431,54363],"class_list":["post-293244","post","type-post","status-publish","format-standard","hentry","category-copertina","category-politica","tag-imu-agricola","tag-regionali-2015","post_tag_personaggi-sonia-viale"],"amp_validity":null,"amp_enabled":true,"_links":{"self":[{"href":"https:\/\/staging.ivg.it\/ediapi\/wp\/v2\/posts\/293244","targetHints":{"allow":["GET"]}}],"collection":[{"href":"https:\/\/staging.ivg.it\/ediapi\/wp\/v2\/posts"}],"about":[{"href":"https:\/\/staging.ivg.it\/ediapi\/wp\/v2\/types\/post"}],"author":[{"embeddable":true,"href":"https:\/\/staging.ivg.it\/ediapi\/wp\/v2\/users\/12120"}],"replies":[{"embeddable":true,"href":"https:\/\/staging.ivg.it\/ediapi\/wp\/v2\/comments?post=293244"}],"version-history":[{"count":0,"href":"https:\/\/staging.ivg.it\/ediapi\/wp\/v2\/posts\/293244\/revisions"}],"wp:attachment":[{"href":"https:\/\/staging.ivg.it\/ediapi\/wp\/v2\/media?parent=293244"}],"wp:term":[{"taxonomy":"category","embeddable":true,"href":"https:\/\/staging.ivg.it\/ediapi\/wp\/v2\/categories?post=293244"},{"taxonomy":"post_tag","embeddable":true,"href":"https:\/\/staging.ivg.it\/ediapi\/wp\/v2\/tags?post=293244"}],"curies":[{"name":"wp","href":"https:\/\/api.w.org\/{rel}","templated":true}]}}