{"id":292750,"date":"2015-05-19T12:48:48","date_gmt":"2015-05-19T10:48:48","guid":{"rendered":"http:\/\/www.ivg.it\/?p=292750"},"modified":"2015-05-19T12:48:59","modified_gmt":"2015-05-19T10:48:59","slug":"regionali-francesco-bruzzone-incontra-i-cacciatori-della-valbormida","status":"publish","type":"post","link":"https:\/\/staging.ivg.it\/2015\/05\/regionali-francesco-bruzzone-incontra-i-cacciatori-della-valbormida\/","title":{"rendered":"Regionali, Francesco Bruzzone incontra i cacciatori della Valbormida"},"content":{"rendered":"<p>Francesco Bruzzone incontra i cacciatori della Val Bormida. Il capogruppo della Lega Nord nel Consiglio Regionale della Liguria e candidato capolista della Lega Nord in tutta la provincia di Savona alle prossime elezioni regionali, sar\u00e0 presente Mercoled\u00ec 20 Maggio alle ore 21.00 al Cinema Teatro &#8220;Abba&#8221; in Via Fratelli Francia n.4 a Cairo Montenotte (SV), per un incontro pubblico dedicato al mondo della caccia e a tematiche legate alla ruralit\u00e0.<\/p>\n<p>Numerosi gli argomenti che saranno affrontati nel corso della serata, tra cui l&#8217;uso delle munizioni al piombo e la cosiddetta &#8220;legge Salva Caccia&#8221;, due provvedimenti promossi e ottenuti dallo stesso Bruzzone, oltre al calendario venatorio della prossima stagione. Il Consigliere Regionale sar\u00e0 a disposizione per rispondere a tutte le domande dei cacciatori presenti.<\/p>\n<p>&#8220;Sar\u00e0 una serata monotematica, nella quale lo spirito di tutela della caccia e delle tradizioni sar\u00e0 in prima linea, e avr\u00e0 precedenza rispetto agli altri argomenti elettorali. Sar\u00e0 un buon momento per incontrare tanti amici che condividono la stessa passione per l&#8217;attivit\u00e0 venatoria, nonch\u00e9 per vedere l&#8217;unit\u00e0 dei cacciatori&#8221;, afferma Francesco Bruzzone, Consigliere Regionale e candidato capolista della Lega Nord in tutta la provincia di Savona.<\/p>\n<p><strong>Comunicato<\/strong><\/p>\n","protected":false},"excerpt":{"rendered":"<p>Francesco Bruzzone incontra i cacciatori della Val Bormida. Il capogruppo della Lega Nord nel Consiglio Regionale della Liguria e candidato capolista della Lega Nord in tutta la provincia di Savona alle prossime elezioni regionali, sar\u00e0 presente Mercoled\u00ec 20 Maggio alle ore 21.00 al Cinema Teatro &#8220;Abba&#8221; in Via Fratelli Francia n.4 a Cairo Montenotte (SV), [&hellip;]<\/p>\n","protected":false},"author":12120,"featured_media":0,"comment_status":"open","ping_status":"closed","sticky":false,"template":"","format":"standard","meta":{"footnotes":""},"categories":[31],"tags":[630,54363],"class_list":["post-292750","post","type-post","status-publish","format-standard","hentry","category-politica","tag-lega-nord","tag-regionali-2015","post_cat_citta-cairo-montenotte","post_tag_personaggi-francesco-bruzzone"],"amp_validity":null,"amp_enabled":true,"_links":{"self":[{"href":"https:\/\/staging.ivg.it\/ediapi\/wp\/v2\/posts\/292750","targetHints":{"allow":["GET"]}}],"collection":[{"href":"https:\/\/staging.ivg.it\/ediapi\/wp\/v2\/posts"}],"about":[{"href":"https:\/\/staging.ivg.it\/ediapi\/wp\/v2\/types\/post"}],"author":[{"embeddable":true,"href":"https:\/\/staging.ivg.it\/ediapi\/wp\/v2\/users\/12120"}],"replies":[{"embeddable":true,"href":"https:\/\/staging.ivg.it\/ediapi\/wp\/v2\/comments?post=292750"}],"version-history":[{"count":0,"href":"https:\/\/staging.ivg.it\/ediapi\/wp\/v2\/posts\/292750\/revisions"}],"wp:attachment":[{"href":"https:\/\/staging.ivg.it\/ediapi\/wp\/v2\/media?parent=292750"}],"wp:term":[{"taxonomy":"category","embeddable":true,"href":"https:\/\/staging.ivg.it\/ediapi\/wp\/v2\/categories?post=292750"},{"taxonomy":"post_tag","embeddable":true,"href":"https:\/\/staging.ivg.it\/ediapi\/wp\/v2\/tags?post=292750"}],"curies":[{"name":"wp","href":"https:\/\/api.w.org\/{rel}","templated":true}]}}