{"id":292714,"date":"2015-05-19T08:03:58","date_gmt":"2015-05-19T06:03:58","guid":{"rendered":"http:\/\/www.ivg.it\/?p=292714"},"modified":"2015-05-19T11:59:32","modified_gmt":"2015-05-19T09:59:32","slug":"savona-a-giugno-il-verdetto-del-consiglio-di-stato-sul-porticciolo-della-margonara","status":"publish","type":"post","link":"https:\/\/staging.ivg.it\/2015\/05\/savona-a-giugno-il-verdetto-del-consiglio-di-stato-sul-porticciolo-della-margonara\/","title":{"rendered":"Savona, a giugno il &#8220;verdetto&#8221; del Consiglio di Stato sul porticciolo della Margonara"},"content":{"rendered":"<p><strong>Savona<\/strong>. <strong>Il 3 luglio il consiglio di stato si esprimer\u00e0 sul ricorso presentato da Giovanni Gambardella, responsabile della &#8220;Porticciolo di Savona-Albissola Marina<\/strong>&#8220;, contro la bocciatura del progetto dell&#8217;approdo della Margonara avvenuta nel 2011 da parte della Regione.<\/p>\n<p>La societ\u00e0, che nel giugno 1998 si era aggiudicata il bando dell&#8217;autorit\u00e0 Portuale per l&#8217;elaborazione del progetto preliminare, <strong>aveva gi\u00e0 presentato ricorso al Tar, ma dopo il rigetto dell&#8217;istanza gli avvocati dell&#8217;imprenditore avevano deciso di rivolgersi al consiglio di stato<\/strong>.<\/p>\n<p>Due le possibilit\u00e0 sul tavolo. Se il consiglio accoglier\u00e0 il ricorso, Gambardella potrebbe decidere di chiedere un risarcimento danni per gli anni di attesa e le progettazioni richiesta a quattro diversi tecnici (compreso il ben noto Massimiliano Fuksas). In caso contrario, cio\u00e8 di rigetto, rester\u00e0 aperta la questione relativa alla riqualificazione dell&#8217;area.<\/p>\n","protected":false},"excerpt":{"rendered":"<p>Il 3 luglio il consiglio di stato si esprimer\u00e0 sul ricorso presentato da Giovanni Gambardella, responsabile della &#8220;Porticciolo di Savona-Albissola Marina&#8221;<\/p>\n","protected":false},"author":12120,"featured_media":0,"comment_status":"open","ping_status":"closed","sticky":false,"template":"","format":"standard","meta":{"footnotes":""},"categories":[34],"tags":[7631,1813,2937,4886],"class_list":["post-292714","post","type-post","status-publish","format-standard","hentry","category-cronaca","tag-consiglio-di-stato","tag-margonara","tag-ricorso","tag-tar","post_cat_citta-albissola-marina","post_cat_citta-savona","post_tag_personaggi-giovanni-gambardella","post_tag_personaggi-massimiliano-fuksas"],"amp_validity":null,"amp_enabled":true,"_links":{"self":[{"href":"https:\/\/staging.ivg.it\/ediapi\/wp\/v2\/posts\/292714","targetHints":{"allow":["GET"]}}],"collection":[{"href":"https:\/\/staging.ivg.it\/ediapi\/wp\/v2\/posts"}],"about":[{"href":"https:\/\/staging.ivg.it\/ediapi\/wp\/v2\/types\/post"}],"author":[{"embeddable":true,"href":"https:\/\/staging.ivg.it\/ediapi\/wp\/v2\/users\/12120"}],"replies":[{"embeddable":true,"href":"https:\/\/staging.ivg.it\/ediapi\/wp\/v2\/comments?post=292714"}],"version-history":[{"count":0,"href":"https:\/\/staging.ivg.it\/ediapi\/wp\/v2\/posts\/292714\/revisions"}],"wp:attachment":[{"href":"https:\/\/staging.ivg.it\/ediapi\/wp\/v2\/media?parent=292714"}],"wp:term":[{"taxonomy":"category","embeddable":true,"href":"https:\/\/staging.ivg.it\/ediapi\/wp\/v2\/categories?post=292714"},{"taxonomy":"post_tag","embeddable":true,"href":"https:\/\/staging.ivg.it\/ediapi\/wp\/v2\/tags?post=292714"}],"curies":[{"name":"wp","href":"https:\/\/api.w.org\/{rel}","templated":true}]}}