{"id":291897,"date":"2015-05-17T15:59:57","date_gmt":"2015-05-17T13:59:57","guid":{"rendered":"http:\/\/www.ivg.it\/?p=291897"},"modified":"2015-05-18T08:00:29","modified_gmt":"2015-05-18T06:00:29","slug":"tour-savonese-per-matteo-salvini-se-restituisco-la-liguria-ai-liguri-ho-fatto-il-mio-mestiere","status":"publish","type":"post","link":"https:\/\/staging.ivg.it\/2015\/05\/tour-savonese-per-matteo-salvini-se-restituisco-la-liguria-ai-liguri-ho-fatto-il-mio-mestiere\/","title":{"rendered":"Tour savonese per Matteo Salvini: &#8220;Se restituisco la Liguria ai liguri ho fatto il mio mestiere&#8221;"},"content":{"rendered":"<p><strong>Provincia.\u00a0<\/strong>&#8220;Abbiamo preferito fare un passo indietro, magari perdendo una poltrona ma tenendo la coalizione compatta per dare qualcosa in pi\u00f9 ai liguri. <strong>Se perdo una poltrona ma restituisco la Liguria ai liguri io ho fatto il mio mestiere<\/strong>&#8220;. Cos\u00ec <strong>Matteo Salvini,<\/strong>\u00a0l&#8217;europarlamentare e segretario federale della Lega Nord in visita questo pomeriggio nella nostra provincia\u00a0per sostenere le candidature del Carroccio alle prossime elezioni regionali, ha spiegato ai cronisti presenti la scelta di rinunciare alla candidatura di Edoardo Rixi a favore di quella di Giovanni Toti.<\/p>\n<p>Il tour\u00a0savonese di Salvini \u00e8 iniziato alle 14 ad <strong>Ortovero<\/strong>,\u00a0dove ha incontrato\u00a0la cittadinanza al Centro Enologico. Grande partecipazione, complice la bella giornata, con pi\u00f9 di 200 persone giunte ad ascoltare il leader del Carroccio.\u00a0Alle\u00a015.30 poi Salvini si \u00e8 recato\u00a0a <strong>Cairo Montenotte,<\/strong>\u00a0dove prima ha presenziato\u00a0al gazebo di piazza della Vittoria nel quale venivano raccolte le firme per il referendum sull&#8217;abrogazione della Legge Merlin, quindi ha incontrato\u00a0una delegazione di lavoratori di Italiana Coke, Tirreno Power e OCV, ed infine la cittadinanza.<\/p>\n<p>Salvini, con indosso il braccialetto &#8220;Senza lavoro non c&#8217;\u00e8 futuro&#8221; degli operai di Tirreno Power, spiega di aver scelto come meta i\u00a0paesi della Valbormida perch\u00e9 rappresentano il lavoro. &#8220;<strong>L\u2019emergenza della Liguria e d\u2019Italia \u00e8 il lavoro, non \u00e8 la legge elettorale e le robe di cui parla Renzi<\/strong> &#8211; attacca &#8211; E\u2019 il lavoro, difendere anche in Europa il carbon coke, le aziende che producono energia ma anche il pastificio Agnesi di Imperia. Noi <strong>stiamo girando la Liguria per cercare di offrire qualche posto di lavoro in pi\u00f9 e qualche immigrato clandestino in meno<\/strong>. E una sanit\u00e0 che non costringa 40.000 liguri ogni anno ad andare a farsi curare nel resto d\u2019Italia. Ci piacerebbe avere un po\u2019 pi\u00f9 di normalit\u00e0, tutto qua: non promettiamo miracoli, ma normalit\u00e0&#8221;.<\/p>\n<p>Alle ore 16.50 il segretario della Lega \u00e8 arrivato invece\u00a0sul lungomare di <strong>Varazze<\/strong>, nel Bar Il Borgo (ex bar Talmone), assieme a Francesco Bruzzone, per un incontro pubblico con la cittadinanza. Presente all&#8217;evento il sindaco di Varazze Alessandro Bozzano.<\/p>\n<p>Salvini \u00e8 andato ad Ortovero anche per sostenere la candidatura del sindaco di Zuccarello, Stefano Mai, mentre a Cairo ha appoggiato Paolo Ardenti; a Varazze invece al suo fianco\u00a0<strong>Francesco Bruzzone<\/strong>,\u00a0capogruppo della Lega Nord nel Consiglio Regionale della Liguria e candidato capolista della Lega Nord per tutta la provincia di Savona. L&#8217;obiettivo dichiarato \u00e8 quello di erodere consensi a Raffaella Paita, come risulterebbe dagli ultimi sondaggi: uno scenario che, secondo Salvini, ha ragioni precise. &#8220;<strong>Un assessore al Territorio che si sveglia adesso dicendo che c\u2019\u00e8 qualche problema di dissesto idrogeologico<\/strong>, come se le alluvioni fossero accadute su Marte, <strong>\u00e8 un assessore che ha dei problemi<\/strong>. Una signora che dice \u2018La Liguria Va Veloce\u2019 sui manifesti, quando in treno si va col binario unico e in autostrada si sta fermi\u2026&#8221;.<\/p>\n<p>&#8220;E&#8217; una sinistra un po\u2019 lontana dalla realt\u00e0 &#8211; accusa il leader della Lega &#8211; Sono orgoglioso perch\u00e9 c\u2019\u00e8 tanta gente che non votava da tempo che dice \u2018il 31 maggio ci sono e voto Lega\u2019\u2026 spero che sia sufficiente per \u2018deburlandizzare\u2019 la Liguria&#8221;.<\/p>\n","protected":false},"excerpt":{"rendered":"<p>Il leader del Carroccio ad Ortovero, Cairo e Varazze per sostenere i candidati della Lega<\/p>\n","protected":false},"author":10593,"featured_media":0,"comment_status":"open","ping_status":"closed","sticky":false,"template":"","format":"standard","meta":{"footnotes":""},"categories":[45296,31],"tags":[10658,630,54363],"class_list":["post-291897","post","type-post","status-publish","format-standard","hentry","category-copertina","category-politica","tag-elezioni-regionali","tag-lega-nord","tag-regionali-2015","post_cat_citta-cairo-montenotte","post_cat_citta-ortovero","post_cat_citta-varazze","post_tag_personaggi-alessandro-bozzano","post_tag_personaggi-francesco-bruzzone","post_tag_personaggi-matteo-salvini"],"amp_validity":null,"amp_enabled":true,"_links":{"self":[{"href":"https:\/\/staging.ivg.it\/ediapi\/wp\/v2\/posts\/291897","targetHints":{"allow":["GET"]}}],"collection":[{"href":"https:\/\/staging.ivg.it\/ediapi\/wp\/v2\/posts"}],"about":[{"href":"https:\/\/staging.ivg.it\/ediapi\/wp\/v2\/types\/post"}],"author":[{"embeddable":true,"href":"https:\/\/staging.ivg.it\/ediapi\/wp\/v2\/users\/10593"}],"replies":[{"embeddable":true,"href":"https:\/\/staging.ivg.it\/ediapi\/wp\/v2\/comments?post=291897"}],"version-history":[{"count":0,"href":"https:\/\/staging.ivg.it\/ediapi\/wp\/v2\/posts\/291897\/revisions"}],"wp:attachment":[{"href":"https:\/\/staging.ivg.it\/ediapi\/wp\/v2\/media?parent=291897"}],"wp:term":[{"taxonomy":"category","embeddable":true,"href":"https:\/\/staging.ivg.it\/ediapi\/wp\/v2\/categories?post=291897"},{"taxonomy":"post_tag","embeddable":true,"href":"https:\/\/staging.ivg.it\/ediapi\/wp\/v2\/tags?post=291897"}],"curies":[{"name":"wp","href":"https:\/\/api.w.org\/{rel}","templated":true}]}}