{"id":291896,"date":"2015-05-17T15:30:43","date_gmt":"2015-05-17T13:30:43","guid":{"rendered":"http:\/\/www.ivg.it\/?p=291896"},"modified":"2015-05-17T15:30:43","modified_gmt":"2015-05-17T13:30:43","slug":"finale-il-m5s-incontra-cittadini-e-dipendenti-comunali-per-parlare-di-unione-dei-comuni","status":"publish","type":"post","link":"https:\/\/staging.ivg.it\/2015\/05\/finale-il-m5s-incontra-cittadini-e-dipendenti-comunali-per-parlare-di-unione-dei-comuni\/","title":{"rendered":"Finale, il M5S incontra cittadini e dipendenti comunali per parlare di Unione dei Comuni"},"content":{"rendered":"<p><strong>Finale Ligure.<\/strong> Il MoVimento 5 Stelle di Finale si riunir\u00e0 mercoled\u00ec 20 maggio alle ore 21 presso la sala del Bocciodromo di Finalpia in via Cadana, in un incontro nel quale i cittadini e i dipendenti del Comune saranno invitati ad esporre i propri dubbi, perplessit\u00e0, preoccupazioni e ad esprimere la propria posizione relativamente l&#8217;Unione dei Comuni di Finale Ligure e Orco Feglino, questione dibattuta durante la seduta dell&#8217;ultimo Consiglio Comunale dello scorso 30 aprile.<\/p>\n<p>&#8220;Si tratta di una delibera votata all&#8217;unanimit\u00e0 eccetto noi del MoVimento 5 Stelle &#8211; spiegano &#8211; una delibera ingiusta e il cui pericolo \u00e8 stato fortemente sottovalutato. Si andr\u00e0 a creare una sovrastruttura assolutistica dove pochi consiglieri decideranno la sorte dei due Comuni; il comune di Finale Ligure non ricaver\u00e0 alcun beneficio da quest&#8217;unione e temiamo che in futuro abbia gravi spese da dover sostenere; e, &#8216;dulcis in fundo&#8217;, l&#8217;Unione di Comuni, in caso di dissolvimento della stessa, non garantisce il pieno reintegro del personale, quindi ci sarebbe il rischio che diverse persone vadano a perdere il posto di lavoro con gravi conseguenze per la vita delle famiglie&#8221;.<\/p>\n<p>&#8220;Vogliamo sentire il parere dei cittadini e dei dipendenti &#8211; concludono dal M5S &#8211; che non sono stati minimamente interpellati n\u00e9 per la presentazione della delibera n\u00e9 per la formulazione dello statuto&#8221;.<\/p>\n","protected":false},"excerpt":{"rendered":"<p>Finale Ligure. Il MoVimento 5 Stelle di Finale si riunir\u00e0 mercoled\u00ec 20 maggio alle ore 21 presso la sala del Bocciodromo di Finalpia in via Cadana, in un incontro nel quale i cittadini e i dipendenti del Comune saranno invitati ad esporre i propri dubbi, perplessit\u00e0, preoccupazioni e ad esprimere la propria posizione relativamente l&#8217;Unione [&hellip;]<\/p>\n","protected":false},"author":10593,"featured_media":0,"comment_status":"open","ping_status":"closed","sticky":false,"template":"","format":"standard","meta":{"footnotes":""},"categories":[31],"tags":[44585,29875,31367],"class_list":["post-291896","post","type-post","status-publish","format-standard","hentry","category-politica","tag-m5s","tag-movimento-5-stelle","tag-unione-dei-comuni","post_cat_citta-finale-ligure"],"amp_validity":null,"amp_enabled":true,"_links":{"self":[{"href":"https:\/\/staging.ivg.it\/ediapi\/wp\/v2\/posts\/291896","targetHints":{"allow":["GET"]}}],"collection":[{"href":"https:\/\/staging.ivg.it\/ediapi\/wp\/v2\/posts"}],"about":[{"href":"https:\/\/staging.ivg.it\/ediapi\/wp\/v2\/types\/post"}],"author":[{"embeddable":true,"href":"https:\/\/staging.ivg.it\/ediapi\/wp\/v2\/users\/10593"}],"replies":[{"embeddable":true,"href":"https:\/\/staging.ivg.it\/ediapi\/wp\/v2\/comments?post=291896"}],"version-history":[{"count":0,"href":"https:\/\/staging.ivg.it\/ediapi\/wp\/v2\/posts\/291896\/revisions"}],"wp:attachment":[{"href":"https:\/\/staging.ivg.it\/ediapi\/wp\/v2\/media?parent=291896"}],"wp:term":[{"taxonomy":"category","embeddable":true,"href":"https:\/\/staging.ivg.it\/ediapi\/wp\/v2\/categories?post=291896"},{"taxonomy":"post_tag","embeddable":true,"href":"https:\/\/staging.ivg.it\/ediapi\/wp\/v2\/tags?post=291896"}],"curies":[{"name":"wp","href":"https:\/\/api.w.org\/{rel}","templated":true}]}}