{"id":291872,"date":"2015-05-16T17:25:41","date_gmt":"2015-05-16T15:25:41","guid":{"rendered":"http:\/\/www.ivg.it\/?p=291872"},"modified":"2015-05-16T19:30:19","modified_gmt":"2015-05-16T17:30:19","slug":"blue-scarlet-una-band-savonese-tra-i-grandi-nomi-della-fiera-internazionale-della-musica","status":"publish","type":"post","link":"https:\/\/staging.ivg.it\/2015\/05\/blue-scarlet-una-band-savonese-tra-i-grandi-nomi-della-fiera-internazionale-della-musica\/","title":{"rendered":"Blue Scarlet, una band savonese tra i grandi nomi della Fiera Internazionale della Musica"},"content":{"rendered":"<p><strong>Genova.<\/strong> Domani alle 17\u00a0i Blue Scarlet tornano sul Palco Blu della FIM \u2013 Fiera Internazionale della Musica presso la Fiera di Genova (Piazzale John Fitzgerald Kennedy,1) per proporre i brani dell&#8217;attuale disco &#8220;Colori Sospesi&#8221; e annunciare l&#8217;uscita del nuovo disco, prevista per l&#8217;inizio del 2016.<\/p>\n<p>Inoltre, presenteranno, al vasto pubblico della Fiera, la cover della famosissima &#8220;Ma che freddo fa&#8221; di Nada Malanima, riarrangiata in chiave rock dalla band stessa, la quale verr\u00e0 inserita, infatti, nel prossimo disco dal titolo ancora top secret.<\/p>\n<p>Per rimanere aggiornati sul tour estivo della band, il quale toccher\u00e0 i pi\u00f9 caratteristici borghi rivieraschi della Liguria, si pu\u00f2 consultare il sito www.bluescarlet.eu.<\/p>\n","protected":false},"excerpt":{"rendered":"<p>Genova. Domani alle 17\u00a0i Blue Scarlet tornano sul Palco Blu della FIM \u2013 Fiera Internazionale della Musica presso la Fiera di Genova (Piazzale John Fitzgerald Kennedy,1) per proporre i brani dell&#8217;attuale disco &#8220;Colori Sospesi&#8221; e annunciare l&#8217;uscita del nuovo disco, prevista per l&#8217;inizio del 2016. Inoltre, presenteranno, al vasto pubblico della Fiera, la cover della [&hellip;]<\/p>\n","protected":false},"author":10593,"featured_media":0,"comment_status":"open","ping_status":"closed","sticky":false,"template":"","format":"standard","meta":{"footnotes":""},"categories":[56],"tags":[69712,69711],"class_list":["post-291872","post","type-post","status-publish","format-standard","hentry","category-altre","tag-blue-scarlet","tag-fiera-internazionale-della-musica","post_cat_citta-andora","post_cat_citta-genova"],"amp_validity":null,"amp_enabled":true,"_links":{"self":[{"href":"https:\/\/staging.ivg.it\/ediapi\/wp\/v2\/posts\/291872","targetHints":{"allow":["GET"]}}],"collection":[{"href":"https:\/\/staging.ivg.it\/ediapi\/wp\/v2\/posts"}],"about":[{"href":"https:\/\/staging.ivg.it\/ediapi\/wp\/v2\/types\/post"}],"author":[{"embeddable":true,"href":"https:\/\/staging.ivg.it\/ediapi\/wp\/v2\/users\/10593"}],"replies":[{"embeddable":true,"href":"https:\/\/staging.ivg.it\/ediapi\/wp\/v2\/comments?post=291872"}],"version-history":[{"count":0,"href":"https:\/\/staging.ivg.it\/ediapi\/wp\/v2\/posts\/291872\/revisions"}],"wp:attachment":[{"href":"https:\/\/staging.ivg.it\/ediapi\/wp\/v2\/media?parent=291872"}],"wp:term":[{"taxonomy":"category","embeddable":true,"href":"https:\/\/staging.ivg.it\/ediapi\/wp\/v2\/categories?post=291872"},{"taxonomy":"post_tag","embeddable":true,"href":"https:\/\/staging.ivg.it\/ediapi\/wp\/v2\/tags?post=291872"}],"curies":[{"name":"wp","href":"https:\/\/api.w.org\/{rel}","templated":true}]}}