{"id":290981,"date":"2015-05-14T15:29:38","date_gmt":"2015-05-14T13:29:38","guid":{"rendered":"http:\/\/www.ivg.it\/?p=290981"},"modified":"2015-05-14T18:29:57","modified_gmt":"2015-05-14T16:29:57","slug":"alassio-da-domani-al-via-una-serie-di-interventi-di-pulizia-straordinaria","status":"publish","type":"post","link":"https:\/\/staging.ivg.it\/2015\/05\/alassio-da-domani-al-via-una-serie-di-interventi-di-pulizia-straordinaria\/","title":{"rendered":"Alassio, da domani al via una serie di interventi di pulizia straordinaria"},"content":{"rendered":"<p><strong>Alassio<\/strong>. Nella citt\u00e0 del Muretto sta per prendere il via una serie di interventi straordinari di pulizia sul territorio. A darne l&#8217;annuncio \u00e8 l&#8217;assessore all&#8217;ambiente <strong>Angelo Vinai: <\/strong>&#8220;A partire da domani \u2013 spiega \u2013 Alassio Ambiente aumenter\u00e0 di alcune unit\u00e0 il suo personale, per affrontare il maggiore carico di lavoro previsto per la stagione estiva. Per questo motivo, anche per meglio prepararsi al periodo caldo, <strong>da domani e nelle giornate successive saranno effettuati interventi di pulizia straordinaria di alcune zone della citt\u00e0, in aggiunta al servizio ordinario quotidiano previsto dal capitolato<\/strong>\u201d.<\/p>\n<p><strong>L&#8217;operazione partir\u00e0 dai giardini &#8220;Padre Pio&#8221; per poi proseguire il giorno successivo con la passeggiata &#8220;Angelo Ciccione&#8221; sul lungomare, quindi nelle localit\u00e0 di Moglio, di Solva e nel quartiere della Fenarina<\/strong>.<\/p>\n<p>\u201cSar\u00e0 un&#8217;attivit\u00e0 straordinaria di sistemazione generale per queste zone della citt\u00e0 su indicazione dell&#8217;amministrazione comunale in accordo con la ditta responsabile del servizio \u2013 prosegue Vinai, che preannuncia anche una <strong>prossima pulizia della storica via Julia Augusta<\/strong> \u2013 Grazie all&#8217;intervento della dottoressa Della Valle e alla Soprintendenza, ci stiamo organizzando per poter effettuare al pi\u00f9 presto un intervento sulla Via Julia Augusta, con la partecipazione da parte dei cittadini\u201d.<\/p>\n<p>&#8220;Ancora una volta, oltre agli sforzi da parte dell&#8217;assessorato all&#8217;ambiente e della ditta incaricata, siamo a chiedere la massima collaborazione da parte di cittadini e turisti, nel rispetto delle norme e del senso civico, per una citt\u00e0 ancora pi\u00f9 pulita e accogliente&#8221;, conclude l&#8217;assessore Angelo Vinai.<\/p>\n","protected":false},"excerpt":{"rendered":"<p>L&#8217;operazione riguarder\u00e0 i giardini &#8220;Padre Pio&#8221;, la passeggiata &#8220;Ciccione&#8221;, quindi Moglio, Solva e il quartiere della Fenarina<\/p>\n","protected":false},"author":12120,"featured_media":0,"comment_status":"open","ping_status":"closed","sticky":false,"template":"","format":"standard","meta":{"footnotes":""},"categories":[56],"tags":[69579,69581,69580,929,22204],"class_list":["post-290981","post","type-post","status-publish","format-standard","hentry","category-altre","tag-alassio-ambiente","tag-fernarina","tag-passeggiata-angelo-ciccione-alassio","tag-soprintendenza","tag-via-julia-augusta","post_cat_citta-alassio","post_tag_personaggi-angelo-vinai"],"amp_validity":null,"amp_enabled":true,"_links":{"self":[{"href":"https:\/\/staging.ivg.it\/ediapi\/wp\/v2\/posts\/290981","targetHints":{"allow":["GET"]}}],"collection":[{"href":"https:\/\/staging.ivg.it\/ediapi\/wp\/v2\/posts"}],"about":[{"href":"https:\/\/staging.ivg.it\/ediapi\/wp\/v2\/types\/post"}],"author":[{"embeddable":true,"href":"https:\/\/staging.ivg.it\/ediapi\/wp\/v2\/users\/12120"}],"replies":[{"embeddable":true,"href":"https:\/\/staging.ivg.it\/ediapi\/wp\/v2\/comments?post=290981"}],"version-history":[{"count":0,"href":"https:\/\/staging.ivg.it\/ediapi\/wp\/v2\/posts\/290981\/revisions"}],"wp:attachment":[{"href":"https:\/\/staging.ivg.it\/ediapi\/wp\/v2\/media?parent=290981"}],"wp:term":[{"taxonomy":"category","embeddable":true,"href":"https:\/\/staging.ivg.it\/ediapi\/wp\/v2\/categories?post=290981"},{"taxonomy":"post_tag","embeddable":true,"href":"https:\/\/staging.ivg.it\/ediapi\/wp\/v2\/tags?post=290981"}],"curies":[{"name":"wp","href":"https:\/\/api.w.org\/{rel}","templated":true}]}}