{"id":290947,"date":"2015-05-14T11:32:28","date_gmt":"2015-05-14T09:32:28","guid":{"rendered":"http:\/\/www.ivg.it\/?p=290947"},"modified":"2015-05-14T11:47:14","modified_gmt":"2015-05-14T09:47:14","slug":"consiglio-comunale-ad-albenga-ciangherotti-cangiano-contro-le-piccole-imprese","status":"publish","type":"post","link":"https:\/\/staging.ivg.it\/2015\/05\/consiglio-comunale-ad-albenga-ciangherotti-cangiano-contro-le-piccole-imprese\/","title":{"rendered":"Consiglio comunale ad Albenga, Ciangherotti: &#8220;Cangiano contro le piccole imprese&#8221;"},"content":{"rendered":"<p><strong>Albenga.<\/strong>\u00a0&#8220;Giorgio Cangiano vive distante anni luce dai problemi del commercio di Albenga e, spiace sottolinearlo, non \u00e8 neppure capace di farsi carico dei disagi dei cittadini\u00a0 imprenditori che faticano a fare quadrare i conti e ad arrivare a fine mese. Ieri sera, all&#8217;ordine del giorno del Consiglio comunale,cv&#8217;era una mozione presentata da Forza Italia Albenga e sostenuta anche dal gruppo della Lega Nord, per impegnare il sindaco a consentire la convivenza di partite iva distinte in un medesimo locale commerciale con una superficie netta di vendita prevista per esercizi di vicinato minore o uguale a 250 mq. (per non ricadere nelle medie strutture di vendita)&#8221;.Cos\u00ec il consigliere comunale di minoranza Eraldo Ciangherotti, all&#8217;attacco del primo cittadino dopo la seduta del parlamentino ingauno.<\/p>\n<p>&#8220;In poche parole mentre ad Alassio, a Laigueglia e ad Andora \u00e8 possibile, per due titolari di partita Iva differenti, ad esempio un parrucchiere ed una profumeria, o un parrucchiere ed una estetista, o un parrucchiere ed una massaggiatrice, o un barista e un fiorista, condividere la locazione e tutte le spese di gestione di un immobile, distinguendo le zone merceologiche e le eventuali vetrine, ma con il servizio, ad esempio, della toilette in comune, ad Albenga ci\u00f2 non sar\u00e0 possibile. Infatti la mozione \u00e8 stata respinta all&#8217;unanimit\u00e0 dalla maggioranza del Consiglio Comunale (Guerra, Passino, Arnaldi, Papalia, Vio M., Picasso, Vio C., Boscaglia)&#8221; sottolinea l&#8217;esponente di Forza Italia.<\/p>\n<p>&#8220;S\u00ec, pare proprio che allo staff politico del partito Democratico e similari poco importi il fatto che citt\u00e0 limitrofe gi\u00e0 si siano adeguate a questa esigenza di mercato dettata dalla forte crisi economica che si registra negli ultimi tempi, nella nostra realt\u00e0 locale. Per Giorgio Cangiano il commercio ad Albenga va ingessato e ostacolato, more solito del Partito Democratico, nonostante la legge e regionale 1\/2007, all&#8217;articolo 17 (classificazione tipologica delle strutture di vendita al dettaglio), vengano riconosciute &#8220;le aggregazioni di esercizi singoli, un insieme di esercizi che, per opportunit\u00e0 di natura edilizia, sono organizzati in spazi dotati di infrastrutture o servizi comuni, pur mantenendo, ai fini fiscali, il carattere di esercizi singoli&#8221; conclude Ciangherotti.<\/p>\n","protected":false},"excerpt":{"rendered":"<p>Albenga.\u00a0&#8220;Giorgio Cangiano vive distante anni luce dai problemi del commercio di Albenga e, spiace sottolinearlo, non \u00e8 neppure capace di farsi carico dei disagi dei cittadini\u00a0 imprenditori che faticano a fare quadrare i conti e ad arrivare a fine mese. Ieri sera, all&#8217;ordine del giorno del Consiglio comunale,cv&#8217;era una mozione presentata da Forza Italia Albenga [&hellip;]<\/p>\n","protected":false},"author":4,"featured_media":0,"comment_status":"open","ping_status":"closed","sticky":false,"template":"","format":"standard","meta":{"footnotes":""},"categories":[45296,31],"tags":[55094,505,630],"class_list":["post-290947","post","type-post","status-publish","format-standard","hentry","category-copertina","category-politica","tag-consiglio-comunale-albenga","tag-forza-italia","tag-lega-nord","post_cat_citta-albenga","post_tag_personaggi-eraldo-ciangherotti-2"],"amp_validity":null,"amp_enabled":true,"_links":{"self":[{"href":"https:\/\/staging.ivg.it\/ediapi\/wp\/v2\/posts\/290947","targetHints":{"allow":["GET"]}}],"collection":[{"href":"https:\/\/staging.ivg.it\/ediapi\/wp\/v2\/posts"}],"about":[{"href":"https:\/\/staging.ivg.it\/ediapi\/wp\/v2\/types\/post"}],"author":[{"embeddable":true,"href":"https:\/\/staging.ivg.it\/ediapi\/wp\/v2\/users\/4"}],"replies":[{"embeddable":true,"href":"https:\/\/staging.ivg.it\/ediapi\/wp\/v2\/comments?post=290947"}],"version-history":[{"count":0,"href":"https:\/\/staging.ivg.it\/ediapi\/wp\/v2\/posts\/290947\/revisions"}],"wp:attachment":[{"href":"https:\/\/staging.ivg.it\/ediapi\/wp\/v2\/media?parent=290947"}],"wp:term":[{"taxonomy":"category","embeddable":true,"href":"https:\/\/staging.ivg.it\/ediapi\/wp\/v2\/categories?post=290947"},{"taxonomy":"post_tag","embeddable":true,"href":"https:\/\/staging.ivg.it\/ediapi\/wp\/v2\/tags?post=290947"}],"curies":[{"name":"wp","href":"https:\/\/api.w.org\/{rel}","templated":true}]}}