{"id":290945,"date":"2015-05-14T11:32:36","date_gmt":"2015-05-14T09:32:36","guid":{"rendered":"http:\/\/www.ivg.it\/?p=290945"},"modified":"2015-05-14T11:32:36","modified_gmt":"2015-05-14T09:32:36","slug":"a-ceriale-il-37-zucchino-doro-la-sigla-cantata-dai-bambini-dellasilo-di-san-giorgio","status":"publish","type":"post","link":"https:\/\/staging.ivg.it\/2015\/05\/a-ceriale-il-37-zucchino-doro-la-sigla-cantata-dai-bambini-dellasilo-di-san-giorgio\/","title":{"rendered":"A Ceriale il 37\u00b0 Zucchino D&#8217;oro: la sigla cantata dai bambini dell&#8217;Asilo di San Giorgio"},"content":{"rendered":"<p><strong>Ceriale.<\/strong> Si chiama &#8220;Ciao Foresta&#8221; la canzone con cui quest&#8217;anno i bambini della scuola parrocchiale dell&#8217;infanzia di San Giorgio hanno aperto la 37\u00b0 Edizione dello Zucchino D&#8217;oro. I piccoli cantanti si sono esibiti dal vivo con il supporto delle maestre Assunta Pacifico e Astra Barill\u00e0 cantando come sigla di apertura della kermesse canora, una canzone interpretata da Irene Grandi nel 2011, nell&#8217;ambito di un progetto di Greenpeace sul tema dell&#8217;ecologia e del riciclo.<\/p>\n<p>&#8220;Il canto corale \u00e8 un&#8217;esperienza coinvolgente nel percorso educativo dei bambini perch\u00e8 mette le ali alla fantasia e libera le emozioni. Infatti attraverso il canto i bambini si allenano all&#8217;impegno, alla responsabilit\u00e0 e imparano ad apprezzare le proprie capacit\u00e0 e quelle degli altri. Inoltre \u00e8 un momento di aggregazione e di amicizia, che fa capire l&#8217;importanza di assumersi degli impegni per realizzare progetti comuni&#8221; ha detto la maestra Assunta Pacifico.<\/p>\n<p>Oltre alla sigla iniziale i bambini si sono esibiti con la canzone &#8220;Chi ha paura del buio&#8221; preparata nell&#8217;ambito di un lavoro sulle emozioni e sulle paure infantili e con il supporto del maestro Luca Mazzara, che segue i bambini durante l&#8217;anno con un laboratorio musicale.<\/p>\n<p>Lo Zucchino D&#8217;oro fu ispirato proprio dai bambini dell&#8217;Asilo di San Giorgio. Era infatti il 1978 quando il Primo parroco &#8220;Don Giuseppe Pelle&#8221; not\u00f2 alcune voci interessanti tra i 50 allievi che frequentavano la scuola materna e propose ai suoi collaboratori di organizzare una domenica musicale, volendo festeggiare la festa della Mamma in un modo un po&#8217; diverso dal solito. L&#8217;anno dopo visto il successo ottenuto l&#8217;evento si trasform\u00f2 in un vero e proprio festival della canzone, dove i bambini dell&#8217;asilo partecipano attivamente facendo da apripista alla manifestazione.<\/p>\n","protected":false},"excerpt":{"rendered":"<p>Ceriale. Si chiama &#8220;Ciao Foresta&#8221; la canzone con cui quest&#8217;anno i bambini della scuola parrocchiale dell&#8217;infanzia di San Giorgio hanno aperto la 37\u00b0 Edizione dello Zucchino D&#8217;oro. I piccoli cantanti si sono esibiti dal vivo con il supporto delle maestre Assunta Pacifico e Astra Barill\u00e0 cantando come sigla di apertura della kermesse canora, una canzone [&hellip;]<\/p>\n","protected":false},"author":2394,"featured_media":0,"comment_status":"open","ping_status":"closed","sticky":false,"template":"","format":"standard","meta":{"footnotes":""},"categories":[56],"tags":[10669],"class_list":["post-290945","post","type-post","status-publish","format-standard","hentry","category-altre","tag-zucchino-doro","post_cat_citta-ceriale"],"amp_validity":null,"amp_enabled":true,"_links":{"self":[{"href":"https:\/\/staging.ivg.it\/ediapi\/wp\/v2\/posts\/290945","targetHints":{"allow":["GET"]}}],"collection":[{"href":"https:\/\/staging.ivg.it\/ediapi\/wp\/v2\/posts"}],"about":[{"href":"https:\/\/staging.ivg.it\/ediapi\/wp\/v2\/types\/post"}],"author":[{"embeddable":true,"href":"https:\/\/staging.ivg.it\/ediapi\/wp\/v2\/users\/2394"}],"replies":[{"embeddable":true,"href":"https:\/\/staging.ivg.it\/ediapi\/wp\/v2\/comments?post=290945"}],"version-history":[{"count":0,"href":"https:\/\/staging.ivg.it\/ediapi\/wp\/v2\/posts\/290945\/revisions"}],"wp:attachment":[{"href":"https:\/\/staging.ivg.it\/ediapi\/wp\/v2\/media?parent=290945"}],"wp:term":[{"taxonomy":"category","embeddable":true,"href":"https:\/\/staging.ivg.it\/ediapi\/wp\/v2\/categories?post=290945"},{"taxonomy":"post_tag","embeddable":true,"href":"https:\/\/staging.ivg.it\/ediapi\/wp\/v2\/tags?post=290945"}],"curies":[{"name":"wp","href":"https:\/\/api.w.org\/{rel}","templated":true}]}}