{"id":290565,"date":"2015-05-09T09:22:41","date_gmt":"2015-05-09T07:22:41","guid":{"rendered":"http:\/\/www.ivg.it\/?p=290565"},"modified":"2015-05-09T09:24:26","modified_gmt":"2015-05-09T07:24:26","slug":"loano-aperte-le-iscrizioni-al-corso-concorso-video-makers-for-our-songs","status":"publish","type":"post","link":"https:\/\/staging.ivg.it\/2015\/05\/loano-aperte-le-iscrizioni-al-corso-concorso-video-makers-for-our-songs\/","title":{"rendered":"Loano, aperte le iscrizioni al corso-concorso &#8220;Video Makers for our songs&#8221;"},"content":{"rendered":"<p><strong>Loano.<\/strong> Saranno <strong>aperte fino al 24 maggio le iscrizioni al concorso ed al corso &#8220;Video Makers for Our Songs&#8221;<\/strong> organizzato da &#8220;Ljdm Records &amp; Events&#8221; azienda operante nel settore musicale, moda ed eventi, con sede ad Albenga.<\/p>\n<p>Il progetto \u00e8 stato realizzato in collaborazione con lo studio fotografico loanese Lifeinmulticolor e con la presenza di Mich\u00e9le Conte e <strong>ha l&#8217;obiettivo di valorizzare i giovani artisti nell&#8217;ambito musicale, gruppi o band<\/strong>.<\/p>\n<p><strong>Possono partecipare tutti coloro che abbiano un video musicale di un loro brano edito o inedito<\/strong> di qualsiasi genere: questo concorrer\u00e0 su Youtube per essere votato insieme a tutti quelli dei partecipanti.<\/p>\n<p>Chi ha solamente una propria canzone, e pi\u00f9 comodamente vivendo in Liguria, pu\u00f2 partecipare al <strong>corso tenuto da Mich\u00e9le Conte e da Marco Gafarelli sulla produzione di un video musicale per il proprio brano che si svolger\u00e0 nella sede di Lifeinmulticolor in via Manzoni a Loano<\/strong>.<\/p>\n<p>Entrambe le due realt\u00e0, i video per il concorso ed video dal corso, verranno presentate e premiate direttamente al cinema sul maxischermo in una serata di gala dedicata ai vincitori del concorso ed agli allievi del corso.<\/p>\n<p>Bando ed informazioni sono su Facebook alla pagina Ljdm Events- Ljdm Records su facebook. www.quantisticamando.com\u00a0sulla pagina facebook Lifeinmulticolor<\/p>\n","protected":false},"excerpt":{"rendered":"<p>Il progetto ha l&#8217;obiettivo di valorizzare i giovani artisti nell&#8217;ambito musicale, gruppi o band<\/p>\n","protected":false},"author":12120,"featured_media":0,"comment_status":"open","ping_status":"closed","sticky":false,"template":"","format":"standard","meta":{"footnotes":""},"categories":[45296,56],"tags":[1433,141],"class_list":["post-290565","post","type-post","status-publish","format-standard","hentry","category-copertina","category-altre","tag-band","tag-video","post_cat_citta-loano","post_tag_personaggi-marco-gafarelli","post_tag_personaggi-michele-conte"],"amp_validity":null,"amp_enabled":true,"_links":{"self":[{"href":"https:\/\/staging.ivg.it\/ediapi\/wp\/v2\/posts\/290565","targetHints":{"allow":["GET"]}}],"collection":[{"href":"https:\/\/staging.ivg.it\/ediapi\/wp\/v2\/posts"}],"about":[{"href":"https:\/\/staging.ivg.it\/ediapi\/wp\/v2\/types\/post"}],"author":[{"embeddable":true,"href":"https:\/\/staging.ivg.it\/ediapi\/wp\/v2\/users\/12120"}],"replies":[{"embeddable":true,"href":"https:\/\/staging.ivg.it\/ediapi\/wp\/v2\/comments?post=290565"}],"version-history":[{"count":0,"href":"https:\/\/staging.ivg.it\/ediapi\/wp\/v2\/posts\/290565\/revisions"}],"wp:attachment":[{"href":"https:\/\/staging.ivg.it\/ediapi\/wp\/v2\/media?parent=290565"}],"wp:term":[{"taxonomy":"category","embeddable":true,"href":"https:\/\/staging.ivg.it\/ediapi\/wp\/v2\/categories?post=290565"},{"taxonomy":"post_tag","embeddable":true,"href":"https:\/\/staging.ivg.it\/ediapi\/wp\/v2\/tags?post=290565"}],"curies":[{"name":"wp","href":"https:\/\/api.w.org\/{rel}","templated":true}]}}