{"id":290211,"date":"2015-05-05T14:51:06","date_gmt":"2015-05-05T12:51:06","guid":{"rendered":"http:\/\/www.ivg.it\/?p=290211"},"modified":"2015-05-05T14:51:06","modified_gmt":"2015-05-05T12:51:06","slug":"mezzi-attrezzature-tecnologie-e-tanti-nuovi-volontari-cresce-la-protezione-civile-di-toirano-boissano-e-loano","status":"publish","type":"post","link":"https:\/\/staging.ivg.it\/2015\/05\/mezzi-attrezzature-tecnologie-e-tanti-nuovi-volontari-cresce-la-protezione-civile-di-toirano-boissano-e-loano\/","title":{"rendered":"Mezzi, attrezzature, tecnologie e tanti nuovi volontari: cresce la protezione civile di Toirano, Boissano e Loano"},"content":{"rendered":"<p><strong>Toirano.<\/strong> E&#8217; <strong>sempre pi\u00f9 stretto il legame tra i gruppi di protezione civile di Loano, Boissano e Toirano<\/strong>, riuniti da qualche mese in un solo gruppo intercomunale di protezione civile e antincendio boschivo.<\/p>\n<p>Ieri sera nella sala consigliare &#8220;Pietro Arnaldi&#8221; di Toirano si \u00e8 svolta<strong> una riunione del direttivo. Tra i punti in discussione, le varie iniziative da mettere in atto nel corso dell&#8217;anno per consolidare e far crescere il gruppo<\/strong>. All&#8217;incontro erano presenti il vice sindaco di Boissano Piero Pesce e quello di Toirano Giuseppe De Fezza, il consigliere toiranese Ambrosio Scannapieco ed il comandante della polizia locale Antonio Mattiauda, che svolge l&#8217;incarico di coordinatore del gruppo.<\/p>\n<p>Ad aprire l&#8217;incontro sono stati De Fezza e Scannapieco, che hanno detto: &#8220;Siamo entusiasti di aver trovato tanta seriet\u00e0 da parte dell&#8217;amministrazione di Boissano e una cos\u00ec grande competenza professionale nel responsabile del servizio. Il loro entusiasmo ci ha spinto a potenziare il servizio e a condividere nuovi progetti per il futuro. Non \u00e8 facile trovare amministrazioni comunali disponibili ad investire in un servizio che viene messo erroneamente in secondo piano durante la stesura del bilancio, ma di cos\u00ec grande importanza ed utilit\u00e0. Purtroppo l&#8217;emergenza del 2014 ci ha insegnato che siamo sempre pi\u00f9 impotenti di fronte al rischio idrogeologico del nostro territorio. Pertanto oggi fare prevenzione non \u00e8 solo un dovere, ma un obbligo morale per la salvaguardia dei nostri 18 mila concittadini, che grazie ai turisti arrivano a oltre 100 mila&#8221;.<\/p>\n<p><strong>Il Comune di Toirano, capofila del servizio, ha messo a disposizione una sede sociale ed operativa all&#8217;interno dell&#8217;ex scuola &#8220;Polla&#8221;<\/strong>: qui i volontari potranno svolgere attivit\u00e0 sociali e avranno il loro quartiere generale dal quale gestire le emergenze e organizzare gli interventi. Ad aprile si sono conclusi i corsi di formazione Aib, pertanto il gruppo intercomunale ora dispone di una squadra altamente qualificata per la gestione dell&#8217;antincendio boschivo che andr\u00e0 a rinforzare le fila degli addetti di protezione civile. Nei prossimi mesi sar\u00e0 indetto un bando per il reclutamento di 25 volontari, sia uomini che e donne. La figura richiesta non dovr\u00e0 svolgere esclusivamente azioni di intervento, ma saranno selezionate anche figure che ricopriranno funzioni amministrative e di ufficio.<\/p>\n<p>Per quello che riguarda le iniziative per l&#8217;integrazione delle varie anime del gruppo, <strong>\u00e8 in fase di stesura da parte di professionisti un piano intercomunale di protezione civile in versione semplificata e ad uso della popolazione<\/strong>. &#8220;Sar\u00e0 un libretto di istruzioni e un manuale con le linee guida a servizio del cittadino&#8221;, ha specificato Piero Pesce. A maggio, inoltre, sar\u00e0 attivata la App per Android e Ios dal nome &#8220;Comunicare&#8221;. Si tratta di un servizio di messaggistica geo-referenziata grazie al quale gli operatori di protezione civile potranno attuare politiche di prevenzione e allertare in tempo reale tutti i cittadini o specifiche zone interessate dalle emergenze dei tre Comuni.<\/p>\n<p>Ma non solo:<strong> i tre Comuni hanno acquistato nuovo vestiario per il personale volontario, nuovi dispositivi di protezione individuale e strumentazione<\/strong> come pompe idrovore, motoseghe e decespugliatori. Il prossimo obiettivo sar\u00e0 il <strong>potenziamento del parco mezzi<\/strong> che al momento dispone di un fuoristrada con cisterna a bordo e una autovettura per trasporto persone.<\/p>\n<p><strong>Questi investimenti andranno ad implementare le dotazioni di Boissano, Toirano e Loano<\/strong>. Quest&#8217;ultima ha sul proprio territorio il Com (Centro Operativo Misto) e quindi le tre cittadine fanno gi\u00e0 parte di un progetto pi\u00f9 complesso che interessa i dieci Comuni che ne fanno parte. Il Com \u00e8 un ambito organizzativo intercomunale che in caso di emergenze di estesa entit\u00e0 viene attivato direttamente dalla Prefettura.<\/p>\n<p>&#8220;E&#8217; importante \u2013 ha osservato Antonio Mattiauda in chiusura \u2013 concepire la protezione civile come una organizzazione capace di sfruttare le professionalit\u00e0 e le capacit\u00e0 dei volontari che vi accedono dotati di solide motivazioni. Mi preme inoltre precisare che l&#8217;evoluzione del gruppo intercomunale \u00e8 stata resa possibile dalla devota partecipazione dei volontari gi\u00e0 iscritti che hanno mantenuto viva l&#8217;organizzazione&#8221;.<\/p>\n","protected":false},"excerpt":{"rendered":"<p>Ieri sera nella sala consigliare di Toirano si \u00e8 svolta una riunione del direttivo<\/p>\n","protected":false},"author":12120,"featured_media":0,"comment_status":"open","ping_status":"closed","sticky":false,"template":"","format":"standard","meta":{"footnotes":""},"categories":[45296,56],"tags":[5924,677],"class_list":["post-290211","post","type-post","status-publish","format-standard","hentry","category-copertina","category-altre","tag-antincendio-boschivo","tag-protezione-civile","post_cat_citta-boissano","post_cat_citta-loano","post_cat_citta-toirano","post_tag_personaggi-ambrosio-scannapieco","post_tag_personaggi-antonio-mattiauda","post_tag_personaggi-giuseppe-de-fezza","post_tag_personaggi-pierluigi-pesce","post_tag_personaggi-remo-zaccaria"],"amp_validity":null,"amp_enabled":true,"_links":{"self":[{"href":"https:\/\/staging.ivg.it\/ediapi\/wp\/v2\/posts\/290211","targetHints":{"allow":["GET"]}}],"collection":[{"href":"https:\/\/staging.ivg.it\/ediapi\/wp\/v2\/posts"}],"about":[{"href":"https:\/\/staging.ivg.it\/ediapi\/wp\/v2\/types\/post"}],"author":[{"embeddable":true,"href":"https:\/\/staging.ivg.it\/ediapi\/wp\/v2\/users\/12120"}],"replies":[{"embeddable":true,"href":"https:\/\/staging.ivg.it\/ediapi\/wp\/v2\/comments?post=290211"}],"version-history":[{"count":0,"href":"https:\/\/staging.ivg.it\/ediapi\/wp\/v2\/posts\/290211\/revisions"}],"wp:attachment":[{"href":"https:\/\/staging.ivg.it\/ediapi\/wp\/v2\/media?parent=290211"}],"wp:term":[{"taxonomy":"category","embeddable":true,"href":"https:\/\/staging.ivg.it\/ediapi\/wp\/v2\/categories?post=290211"},{"taxonomy":"post_tag","embeddable":true,"href":"https:\/\/staging.ivg.it\/ediapi\/wp\/v2\/tags?post=290211"}],"curies":[{"name":"wp","href":"https:\/\/api.w.org\/{rel}","templated":true}]}}