{"id":290050,"date":"2015-05-03T19:21:52","date_gmt":"2015-05-03T17:21:52","guid":{"rendered":"http:\/\/www.ivg.it\/?p=290050"},"modified":"2015-05-04T19:08:03","modified_gmt":"2015-05-04T17:08:03","slug":"spotorno-tutto-pronto-per-linaugurazione-dellaiuola-contro-la-violenza-sulle-donne","status":"publish","type":"post","link":"https:\/\/staging.ivg.it\/2015\/05\/spotorno-tutto-pronto-per-linaugurazione-dellaiuola-contro-la-violenza-sulle-donne\/","title":{"rendered":"Spotorno, tutto pronto per l&#8217;inaugurazione dell&#8217;aiuola contro la violenza sulle donne"},"content":{"rendered":"<p><strong>Spotorno<\/strong>. Si terr\u00e0 <strong>marted\u00ec alle 9 l&#8217;inaugurazione dell&#8217;aiuola dedicata alla lotta contro la violenza sulle donne e allestita presso i giardini centrali dal Comune in collaborazione con Aism<\/strong> (Associazione Italiana Sclerosi Multipla).<\/p>\n<p>In tale spazio verde saranno piantate delle gardenie, scelte come simbolo dell&#8217;iniziativa fortemente voluta da Aism e dall&#8217;amministrazione comunale. &#8220;L&#8217;aiuola \u2013 spiegano dal palazzo civico \u2013 vuole essere un <strong>luogo dedicato a tutte le donne, per ricordarci che ognuna di loro \u00e8 un valore aggiunto per la nostra societ\u00e0 e come tale va rispettato<\/strong>, un luogo per contrastare simbolicamente ogni violenza subita&#8221;.<\/p>\n<p>Nei pressi dell&#8217;aiuola verr\u00e0 inoltre posizionato un cartello con la scritta &#8220;Pianta la Gardenia contro la violenza sulle donne, l&#8217;8 marzo \u00e8 ogni giorno&#8221;: &#8220;La violenza contro le donne \u00e8 una delle pi\u00f9 gravi violazioni dei diritti umani. Non conosce frontiere geografiche, limiti di et\u00e0 o differenze culturali ed \u00e8 molto diffusa anche in Italia&#8221;.<\/p>\n<p>Per fermare la violenza contro le donne, <strong>l&#8217;11 maggio del 2011 il Consiglio d&#8217;Europa ha approvato un importante documento internazionale: la Convenzione sulla prevenzione e la lotta contro la violenza nei confronti delle donne e la violenza domestica<\/strong>, conosciuta anche con il nome Convenzione di Istanbul. Perch\u00e9 la Convenzione entri in vigore e i principi che afferma diventino un obbligo per gli stati, deve essere ratificata da 10 paesi. Attualmente sono 8 ad averlo fatto e tra questi c&#8217;\u00e8 anche l&#8217;Italia.<\/p>\n<p>All&#8217;inaugurazione dell&#8217;aiuola nei giardini centrali <strong>sar\u00e0 presente il sindaco di Spotorno Gianpaolo Calvi e l&#8217;assessore regionale ai servizi sociali Lorena Rambaudi<\/strong>, da oltre dodici anni impegnata nell&#8217;amministrazione pubblica maturando una conoscenza ed una esperienza significativa nei settori dei servizi sociali, scuola, asili nido e sanit\u00e0.<\/p>\n<p>Presenti anche numerose associazioni di volontariato del territorio spotornese e un delegato Aism. L&#8217;Associazione \u00e8 l\u2019unica organizzazione italiana che interviene a 360 gradi sulla sclerosi multipla: da 45 anni \u00e8 attiva sul territorio con pi\u00f9 di 160 sezioni e gruppi operativi in cui operano pi\u00f9 di 10 mila volontari. E\u2019 impegnata a diffondere una corretta informazione sulla sclerosi multipla, a sensibilizzare l\u2019opinione pubblica, a erogare servizi adeguati, anche l\u00e0 dove il servizio pubblico non arriva. L\u2019Associazione dialoga con le istituzioni per affermare il diritto delle persone con sclerosi multippla alla piena inclusione sociale, alla salute, al lavoro, oltre ogni discriminazione.<\/p>\n","protected":false},"excerpt":{"rendered":"<p>&#8220;L&#8217;aiuola vuole essere un luogo dedicato a tutte le donne, per ricordarci che ognuna di loro \u00e8 un valore aggiunto per la nostra societ\u00e0 e come tale va rispettato&#8221;<\/p>\n","protected":false},"author":12120,"featured_media":0,"comment_status":"open","ping_status":"closed","sticky":false,"template":"","format":"standard","meta":{"footnotes":""},"categories":[56],"tags":[2439,3046],"class_list":["post-290050","post","type-post","status-publish","format-standard","hentry","category-altre","tag-aism","tag-violenza-sulle-donne","post_cat_citta-spotorno","post_tag_personaggi-gianpaolo-calvi-2","post_tag_personaggi-lorena-rambaudi-2"],"amp_validity":null,"amp_enabled":true,"_links":{"self":[{"href":"https:\/\/staging.ivg.it\/ediapi\/wp\/v2\/posts\/290050","targetHints":{"allow":["GET"]}}],"collection":[{"href":"https:\/\/staging.ivg.it\/ediapi\/wp\/v2\/posts"}],"about":[{"href":"https:\/\/staging.ivg.it\/ediapi\/wp\/v2\/types\/post"}],"author":[{"embeddable":true,"href":"https:\/\/staging.ivg.it\/ediapi\/wp\/v2\/users\/12120"}],"replies":[{"embeddable":true,"href":"https:\/\/staging.ivg.it\/ediapi\/wp\/v2\/comments?post=290050"}],"version-history":[{"count":0,"href":"https:\/\/staging.ivg.it\/ediapi\/wp\/v2\/posts\/290050\/revisions"}],"wp:attachment":[{"href":"https:\/\/staging.ivg.it\/ediapi\/wp\/v2\/media?parent=290050"}],"wp:term":[{"taxonomy":"category","embeddable":true,"href":"https:\/\/staging.ivg.it\/ediapi\/wp\/v2\/categories?post=290050"},{"taxonomy":"post_tag","embeddable":true,"href":"https:\/\/staging.ivg.it\/ediapi\/wp\/v2\/tags?post=290050"}],"curies":[{"name":"wp","href":"https:\/\/api.w.org\/{rel}","templated":true}]}}