{"id":289857,"date":"2015-04-30T14:35:17","date_gmt":"2015-04-30T12:35:17","guid":{"rendered":"http:\/\/www.ivg.it\/?p=289857"},"modified":"2015-04-30T14:36:47","modified_gmt":"2015-04-30T12:36:47","slug":"crollo-nel-cantiere-dellaurelia-bis-lirosi-errore-umano-o-problema-di-materiali-ma-nessun-pericolo-per-i-cittadini","status":"publish","type":"post","link":"https:\/\/staging.ivg.it\/2015\/04\/crollo-nel-cantiere-dellaurelia-bis-lirosi-errore-umano-o-problema-di-materiali-ma-nessun-pericolo-per-i-cittadini\/","title":{"rendered":"Crollo nel cantiere dell&#8217;Aurelia Bis, Lirosi: &#8220;Errore umano o problema di materiali, ma nessun pericolo per i cittadini&#8221;"},"content":{"rendered":"<p><strong>Savona.<\/strong> &#8220;<strong>O \u00e8 stata montata male o era difettosa. Ci\u00f2 che ci interessa \u00e8 che non ci sia stata nessuna conseguenza per i cittadini<\/strong>&#8220;.\u00a0Non ha avuto conseguenze gravi il crollo verificatosi ieri sera nel cantiere per la costruzione della galleria dell&#8217;Aurelia Bis sul lato di via Turati a Savona. <strong>A confermarlo l&#8217;assessore ai lavori pubblici Francesco Lirosi<\/strong>: &#8220;La situazione \u00e8 sotto controllo \u2013 spiega \u2013 Appena ho saputo mi sono recato subito sul posto per capire quale fosse il problema e per accertarmi che non ci fosse alcuna conseguenza n\u00e9 pericolo per i cittadini. Non ci sono state conseguenze. <strong>Ha ceduto una centina all&#8217;imbocco della galleria, quindi ora i tecnici dovranno riposizionarla<\/strong>. Non si \u00e8 fatto male nessuno e la situazione \u00e8 sotto controllo&#8221;.<\/p>\n<p>Il crollo avr\u00e0 qualche conseguenza sul cronoprogramma dei lavori: &#8220;<strong>Ci sar\u00e0 un po&#8217; di ritardo perch\u00e9 i tecnici dovranno ripristinare questo manufatto e ci\u00f2 richieder\u00e0 del tempo. Speriamo facciano in fretta<\/strong> e che ricomincino immediatamente a lavorare cos\u00ec come mi \u00e8 stato assicurato. Al momento i tempi non sono quantificabili , ma non si tratter\u00e0 di un ritardo esagerato. <strong>Il problema si \u00e8 verificato fuori dalla galleria e ha riguardato un manufatto preventivo all&#8217;utilizzo della famosa &#8216;talpa&#8217;<\/strong> che ancora non ha iniziato a lavorare. Ma, ripeto, non credo sar\u00e0 un grande ritardo&#8221;.<\/p>\n<p>Circa le cause del crollo, Lirosi aggiunge: &#8220;<strong>O \u00e8 stata montata male o la centina era difettosa. Dirlo ora non \u00e8 possibile<\/strong>. Ci\u00f2 che ci interessa, per\u00f2, \u00e8 che non ci sia stata nessuna conseguenza per i cittadini. Questo \u00e8 stato appurato&#8221;.<\/p>\n","protected":false},"excerpt":{"rendered":"<p>&#8220;Ha ceduto una centina all&#8217;imbocco della galleria, quindi ora i tecnici dovranno riposizionarla. Ci saranno ritardi&#8221;<\/p>\n","protected":false},"author":12120,"featured_media":0,"comment_status":"open","ping_status":"closed","sticky":false,"template":"","format":"standard","meta":{"footnotes":""},"categories":[45296],"tags":[897,54538,68765],"class_list":["post-289857","post","type-post","status-publish","format-standard","hentry","category-copertina","tag-aurelia-bis","tag-aurelia-bis-savona","tag-crollo-cantiere-aurelia-bis","post_cat_citta-savona","post_tag_personaggi-francesco-lirosi-2"],"amp_validity":null,"amp_enabled":true,"_links":{"self":[{"href":"https:\/\/staging.ivg.it\/ediapi\/wp\/v2\/posts\/289857","targetHints":{"allow":["GET"]}}],"collection":[{"href":"https:\/\/staging.ivg.it\/ediapi\/wp\/v2\/posts"}],"about":[{"href":"https:\/\/staging.ivg.it\/ediapi\/wp\/v2\/types\/post"}],"author":[{"embeddable":true,"href":"https:\/\/staging.ivg.it\/ediapi\/wp\/v2\/users\/12120"}],"replies":[{"embeddable":true,"href":"https:\/\/staging.ivg.it\/ediapi\/wp\/v2\/comments?post=289857"}],"version-history":[{"count":0,"href":"https:\/\/staging.ivg.it\/ediapi\/wp\/v2\/posts\/289857\/revisions"}],"wp:attachment":[{"href":"https:\/\/staging.ivg.it\/ediapi\/wp\/v2\/media?parent=289857"}],"wp:term":[{"taxonomy":"category","embeddable":true,"href":"https:\/\/staging.ivg.it\/ediapi\/wp\/v2\/categories?post=289857"},{"taxonomy":"post_tag","embeddable":true,"href":"https:\/\/staging.ivg.it\/ediapi\/wp\/v2\/tags?post=289857"}],"curies":[{"name":"wp","href":"https:\/\/api.w.org\/{rel}","templated":true}]}}