{"id":289676,"date":"2015-04-28T15:11:32","date_gmt":"2015-04-28T13:11:32","guid":{"rendered":"http:\/\/www.ivg.it\/?p=289676"},"modified":"2015-04-28T15:11:32","modified_gmt":"2015-04-28T13:11:32","slug":"confartigianato-liguria-rosso-pronto-a-sottoscrivere-le-proposte","status":"publish","type":"post","link":"https:\/\/staging.ivg.it\/2015\/04\/confartigianato-liguria-rosso-pronto-a-sottoscrivere-le-proposte\/","title":{"rendered":"Confartigianato Liguria, Rosso: &#8220;Pronto a sottoscrivere le proposte&#8221;"},"content":{"rendered":"<p><strong>Regione.<\/strong> &#8220;Le proposte di Confartigianato Liguria nascono dalle istanze del mondo produttivo della nostra regione, ricalcano le esigenze, concrete e serie, delle piccole e piccolissime imprese che costituiscono il 98% del nostro tessuto produttivo. Pertanto <strong>ribadisco l&#8217;intenzione di proseguire<\/strong>, come gi\u00e0 avvenuto durante questi 5 anni di mio mandato da consigliere regionale, nel solco della collaborazione e della condivisione delle indicazioni che arrivano dall&#8217;associazione degli artigiani liguri, espressione sana e vitale del mondo economico della nostra regione&#8221;. Cos\u00ec <strong>Matteo Rosso<\/strong>, consigliere regionale, vicepresidente della commissione III Sanit\u00e0 e candidato capolista a Genova per Fratelli d&#8217;Italia, annuncia la condivisione delle priorit\u00e0 indicate per il futuro della Liguria dall&#8217;associazione degli artigiani.<\/p>\n<p>&#8220;In questi anni \u2013 spiega Rosso \u2013 <strong>ho condiviso molte battaglie su cui Confartigianato Liguria ha svolto un grande lavoro di sensibilizzazione<\/strong>. Battaglie che hanno anche portato a eccellenti risultati: ricordo la collaborazione con Confartigianato nell&#8217;elaborazione della mia proposta di legge, approvata in consiglio all&#8217;unanimit\u00e0, per i contributi a sostegno dell&#8217;acquisto di parrucche a favore di pazienti oncologici residenti in Liguria. Con questo testo di legge abbiamo introdotto, anche in Liguria, la possibilit\u00e0 di un contributo di 250 euro per l&#8217;acquisto di parrucche: i pazienti oncologici con redditi molto bassi avranno la possibilit\u00e0 di ricorrere all&#8217;uso di questo supporto sanitario estremamente importante dal punto di vista psicologico nel superamento della propria malattia. Un provvedimento che va nella direzione di una politica pi\u00f9 attenta e sensibile alle problematiche dei pazienti, in questo caso soprattutto delle donne che possono affrontare il dolore e le fatiche della malattia con un supporto psicologico fondamentale che consente loro di non rinunciare alla propria femminilit\u00e0&#8221;.<\/p>\n<p>&#8220;<strong>Per i prossimi 5 anni<\/strong> &#8211; annuncia dunque Rosso &#8211; <strong>rinnovo il mio impegno<\/strong> per dare un contributo fattivo alla difficile operazione di &#8216;trasparenza e semplificazione&#8217;: abbattere la burocrazia inutile all&#8217;interno della Regione \u00e8 l&#8217;unica strada percorribile per ridurre le distanze, oggi ancora troppo profonde, tra pubblica amministrazione, aziende e famiglie. Attraverso la semplificazione, \u00e8 possibile liberare risorse per servizi pi\u00f9 efficienti a imprese e cittadini&#8221;.<\/p>\n<p>&#8220;Penso soprattutto all&#8217;ambito che meglio conosco: la sanit\u00e0. <strong>Le proposte sul benessere sociale che ci arrivano da Confartigianato Liguria puntano a rendere il servizio sanitario regionale pi\u00f9 a misura di paziente<\/strong>, aumentandone la qualit\u00e0. Aumentare l&#8217;efficienza e l&#8217;efficacia della sanit\u00e0 ligure ottimizzando la spesa regionale, riducendo liste d&#8217;attesa e invertendo i flussi della mobilit\u00e0, oggi passiva, sono i cardini del programma di Confartigianato che rappresentano l&#8217;impegno quotidiano del mio mandato in Regione per il presente e per il futuro&#8221;, conclude il consigliere regionale.<\/p>\n","protected":false},"excerpt":{"rendered":"<p>Il consigliere regionale annuncia la condivisione delle priorit\u00e0 indicate per il futuro della Liguria dall&#8217;associazione degli artigiani: &#8220;Aumentare l&#8217;efficienza e l&#8217;efficacia della sanit\u00e0 ligure, attraverso la semplificazione e ottimizzando la spesa regionale&#8221;<\/p>\n","protected":false},"author":10593,"featured_media":0,"comment_status":"open","ping_status":"closed","sticky":false,"template":"","format":"standard","meta":{"footnotes":""},"categories":[31],"tags":[19866,10658,54363],"class_list":["post-289676","post","type-post","status-publish","format-standard","hentry","category-politica","tag-confartigianato-liguria","tag-elezioni-regionali","tag-regionali-2015","post_cat_citta-provincia","post_tag_personaggi-matteo-rosso-2"],"amp_validity":null,"amp_enabled":true,"_links":{"self":[{"href":"https:\/\/staging.ivg.it\/ediapi\/wp\/v2\/posts\/289676","targetHints":{"allow":["GET"]}}],"collection":[{"href":"https:\/\/staging.ivg.it\/ediapi\/wp\/v2\/posts"}],"about":[{"href":"https:\/\/staging.ivg.it\/ediapi\/wp\/v2\/types\/post"}],"author":[{"embeddable":true,"href":"https:\/\/staging.ivg.it\/ediapi\/wp\/v2\/users\/10593"}],"replies":[{"embeddable":true,"href":"https:\/\/staging.ivg.it\/ediapi\/wp\/v2\/comments?post=289676"}],"version-history":[{"count":0,"href":"https:\/\/staging.ivg.it\/ediapi\/wp\/v2\/posts\/289676\/revisions"}],"wp:attachment":[{"href":"https:\/\/staging.ivg.it\/ediapi\/wp\/v2\/media?parent=289676"}],"wp:term":[{"taxonomy":"category","embeddable":true,"href":"https:\/\/staging.ivg.it\/ediapi\/wp\/v2\/categories?post=289676"},{"taxonomy":"post_tag","embeddable":true,"href":"https:\/\/staging.ivg.it\/ediapi\/wp\/v2\/tags?post=289676"}],"curies":[{"name":"wp","href":"https:\/\/api.w.org\/{rel}","templated":true}]}}