{"id":289535,"date":"2015-04-26T18:22:28","date_gmt":"2015-04-26T16:22:28","guid":{"rendered":"http:\/\/www.ivg.it\/?p=289535"},"modified":"2015-04-26T18:22:28","modified_gmt":"2015-04-26T16:22:28","slug":"la-settimana-inizia-con-la-pioggia-poi-atteso-miglioramento","status":"publish","type":"post","link":"https:\/\/staging.ivg.it\/2015\/04\/la-settimana-inizia-con-la-pioggia-poi-atteso-miglioramento\/","title":{"rendered":"La settimana inizia con la pioggia, poi atteso miglioramento"},"content":{"rendered":"<p><strong>Provincia.<\/strong> Cielo nuvoloso per tutto il week end su tutto il savonese,\u00a0anche se fino ad ora le precipitazioni sono risultate leggere o nulle: ma \u00e8 solo questione di ore, dicono i meteorologi di Limet, Centro Ligure di Meteorologia, perch\u00e9 il tempo peggiori\u00a0a causa di una zona depressionaria e temporalesca sul Mediterraneo pi\u00f9 occidentale, che invier\u00e0 un fronte freddo attivo verso le nostre zone.<\/p>\n<p>Da questa notte infatti sono previsti \u201crovesci sparsi ovunque dalla serata e notte, potranno diventare temporaleschi verso la fine della notte a iniziare da ovest\u201d. Per domani Limet prevede cielo &#8220;molto nuvoloso o coperto con piovaschi o anche rovesci temporaleschi sparsi, localmente di una certa intensit\u00e0, con accumuli di pioggia pi\u00f9 consistenti soprattutto sul centro levante e neve sulle vette dai 2200 metri in calo a 2000\/2100 metri nella giornata&#8221;.<\/p>\n<p>Da marted\u00ec mattina \u00e8 gi\u00e0 previsto un miglioramento a partire da ovest.\u00a0Temperature in calo domani, poi destinate gradualmente a riprendersi.<\/p>\n","protected":false},"excerpt":{"rendered":"<p>Provincia. Cielo nuvoloso per tutto il week end su tutto il savonese,\u00a0anche se fino ad ora le precipitazioni sono risultate leggere o nulle: ma \u00e8 solo questione di ore, dicono i meteorologi di Limet, Centro Ligure di Meteorologia, perch\u00e9 il tempo peggiori\u00a0a causa di una zona depressionaria e temporalesca sul Mediterraneo pi\u00f9 occidentale, che invier\u00e0 [&hellip;]<\/p>\n","protected":false},"author":10593,"featured_media":0,"comment_status":"open","ping_status":"closed","sticky":false,"template":"","format":"standard","meta":{"footnotes":""},"categories":[45296,56],"tags":[652],"class_list":["post-289535","post","type-post","status-publish","format-standard","hentry","category-copertina","category-altre","tag-meteo","post_cat_citta-provincia"],"amp_validity":null,"amp_enabled":true,"_links":{"self":[{"href":"https:\/\/staging.ivg.it\/ediapi\/wp\/v2\/posts\/289535","targetHints":{"allow":["GET"]}}],"collection":[{"href":"https:\/\/staging.ivg.it\/ediapi\/wp\/v2\/posts"}],"about":[{"href":"https:\/\/staging.ivg.it\/ediapi\/wp\/v2\/types\/post"}],"author":[{"embeddable":true,"href":"https:\/\/staging.ivg.it\/ediapi\/wp\/v2\/users\/10593"}],"replies":[{"embeddable":true,"href":"https:\/\/staging.ivg.it\/ediapi\/wp\/v2\/comments?post=289535"}],"version-history":[{"count":0,"href":"https:\/\/staging.ivg.it\/ediapi\/wp\/v2\/posts\/289535\/revisions"}],"wp:attachment":[{"href":"https:\/\/staging.ivg.it\/ediapi\/wp\/v2\/media?parent=289535"}],"wp:term":[{"taxonomy":"category","embeddable":true,"href":"https:\/\/staging.ivg.it\/ediapi\/wp\/v2\/categories?post=289535"},{"taxonomy":"post_tag","embeddable":true,"href":"https:\/\/staging.ivg.it\/ediapi\/wp\/v2\/tags?post=289535"}],"curies":[{"name":"wp","href":"https:\/\/api.w.org\/{rel}","templated":true}]}}