{"id":289322,"date":"2015-04-23T12:11:25","date_gmt":"2015-04-23T10:11:25","guid":{"rendered":"http:\/\/www.ivg.it\/?p=289322"},"modified":"2015-04-23T12:32:03","modified_gmt":"2015-04-23T10:32:03","slug":"parte-la-campagna-elettorale-di-camiciottoli-il-sindaco-anti-tasse-riaprire-il-pronto-soccorso-a-cairo","status":"publish","type":"post","link":"https:\/\/staging.ivg.it\/2015\/04\/parte-la-campagna-elettorale-di-camiciottoli-il-sindaco-anti-tasse-riaprire-il-pronto-soccorso-a-cairo\/","title":{"rendered":"Parte la campagna elettorale di Camiciottoli, il sindaco &#8220;anti-tasse&#8221;: &#8220;Riaprire il pronto soccorso a Cairo&#8221;"},"content":{"rendered":"<p><strong>Val Bormida.<\/strong> E&#8217; partita questa mattina la campagna elettorale del &#8220;sindaco anti tasse&#8221; Matteo Camiciottoli, primo cittadino di Pontinvrea, famoso per la sua causa allo Stato contro l&#8217;imposta sulla casa, ritenuta anticostituzionale. &#8220;L&#8217;intento \u00e8 quello di portare la speranza che una nuova politica si possa e si debba fare con la forza della concretezza&#8221; dice Camiciottoli, in campo per le elezioni regionali con lista di Fratelli d&#8217;Italia. <\/p>\n<p>&#8220;Partiamo da Cairo Montenotte perch\u00e9 li \u00e8 stato chiuso un pronto soccorso che serviva tutta la valle, una delle scelte pi\u00f9&#8217; scellerate della giunta Paita-Burlando: il prossimo Consiglio regionale dovr\u00e0 mettere immediatamente mano a questa incomprensibile decisione, dobbiamo tornare a far contare l&#8217;entroterra non possiamo affidare il nostro futuro a chi, dopo le elezioni, non sa neanche pi\u00f9 dove sia la Val Bormida&#8221; conclude Camiciottoli.<\/p>\n","protected":false},"excerpt":{"rendered":"<p>Val Bormida. E&#8217; partita questa mattina la campagna elettorale del &#8220;sindaco anti tasse&#8221; Matteo Camiciottoli, primo cittadino di Pontinvrea, famoso per la sua causa allo Stato contro l&#8217;imposta sulla casa, ritenuta anticostituzionale. &#8220;L&#8217;intento \u00e8 quello di portare la speranza che una nuova politica si possa e si debba fare con la forza della concretezza&#8221; dice [&hellip;]<\/p>\n","protected":false},"author":4,"featured_media":0,"comment_status":"open","ping_status":"closed","sticky":false,"template":"","format":"standard","meta":{"footnotes":""},"categories":[45296,31],"tags":[10658,43870],"class_list":["post-289322","post","type-post","status-publish","format-standard","hentry","category-copertina","category-politica","tag-elezioni-regionali","tag-fratelli-ditalia","post_cat_citta-cairo-montenotte","post_cat_citta-pontinvrea","post_tag_personaggi-matteo-camiciottoli"],"amp_validity":null,"amp_enabled":true,"_links":{"self":[{"href":"https:\/\/staging.ivg.it\/ediapi\/wp\/v2\/posts\/289322","targetHints":{"allow":["GET"]}}],"collection":[{"href":"https:\/\/staging.ivg.it\/ediapi\/wp\/v2\/posts"}],"about":[{"href":"https:\/\/staging.ivg.it\/ediapi\/wp\/v2\/types\/post"}],"author":[{"embeddable":true,"href":"https:\/\/staging.ivg.it\/ediapi\/wp\/v2\/users\/4"}],"replies":[{"embeddable":true,"href":"https:\/\/staging.ivg.it\/ediapi\/wp\/v2\/comments?post=289322"}],"version-history":[{"count":0,"href":"https:\/\/staging.ivg.it\/ediapi\/wp\/v2\/posts\/289322\/revisions"}],"wp:attachment":[{"href":"https:\/\/staging.ivg.it\/ediapi\/wp\/v2\/media?parent=289322"}],"wp:term":[{"taxonomy":"category","embeddable":true,"href":"https:\/\/staging.ivg.it\/ediapi\/wp\/v2\/categories?post=289322"},{"taxonomy":"post_tag","embeddable":true,"href":"https:\/\/staging.ivg.it\/ediapi\/wp\/v2\/tags?post=289322"}],"curies":[{"name":"wp","href":"https:\/\/api.w.org\/{rel}","templated":true}]}}