{"id":289207,"date":"2015-04-21T19:19:23","date_gmt":"2015-04-21T17:19:23","guid":{"rendered":"http:\/\/www.ivg.it\/?p=289207"},"modified":"2015-04-21T19:36:03","modified_gmt":"2015-04-21T17:36:03","slug":"rissa-da-far-west-in-centro-ad-albenga-marocchino-in-manette","status":"publish","type":"post","link":"https:\/\/staging.ivg.it\/2015\/04\/rissa-da-far-west-in-centro-ad-albenga-marocchino-in-manette\/","title":{"rendered":"Rissa da far west in centro ad Albenga, marocchino in manette"},"content":{"rendered":"<p><strong>Albenga.<\/strong> Una violenta lite per futili motivi \u00e8 scoppiata nel pomeriggio di oggi nella centralissima piazza del Popolo ad Albenga.<\/p>\n<p>Qui <strong>due marocchini<\/strong>, entrambi gi\u00e0 noti alle forze dell&#8217;ordine, <strong>si sono affrontati probabilmente per un debito maturato negli ambienti della droga<\/strong>. Uno dei due, E.E.M, classe 1984, ha colpito con una testata al naso il connazionale Q.A., classe 1979. Quest&#8217;ultimo sanguinante al volto \u00e8 caduto a terra ed ha atteso l&#8217;arrivo dei soccorsi.<\/p>\n<p>Immediatamente \u00e8 intervenuta\u00a0una pattuglia del nucleo radiomobile della locale compagnia dell&#8217;Arma, che proprio in quel momento si trovava nei pressi della piazza per i servizi di controllo attivati negli ultimi giorni nel\u00a0centro storico\u00a0allo copo di aumentare la sicurezza percepita dai cittadini albenganesi.<\/p>\n<p>L&#8217;uomo \u00e8 stato arrestato il flagranza di reato con l&#8217;accusa di lesioni, e domani sar\u00e0 processato per direttissima. Il suo connazionale e rivale \u00e8 stato invece trasportato all&#8217;ospedale Santa Maria di Misericordia dove i medici del pronto soccorso lo hanno visitato e quindi giudicato guaribile in 25 giorni.<\/p>\n","protected":false},"excerpt":{"rendered":"<p>Albenga. Una violenta lite per futili motivi \u00e8 scoppiata nel pomeriggio di oggi nella centralissima piazza del Popolo ad Albenga. Qui due marocchini, entrambi gi\u00e0 noti alle forze dell&#8217;ordine, si sono affrontati probabilmente per un debito maturato negli ambienti della droga. Uno dei due, E.E.M, classe 1984, ha colpito con una testata al naso il [&hellip;]<\/p>\n","protected":false},"author":12291,"featured_media":0,"comment_status":"open","ping_status":"closed","sticky":false,"template":"","format":"standard","meta":{"footnotes":""},"categories":[34],"tags":[228,1248],"class_list":["post-289207","post","type-post","status-publish","format-standard","hentry","category-cronaca","tag-carabinieri","tag-piazza-del-popolo","post_cat_citta-albenga"],"amp_validity":null,"amp_enabled":true,"_links":{"self":[{"href":"https:\/\/staging.ivg.it\/ediapi\/wp\/v2\/posts\/289207","targetHints":{"allow":["GET"]}}],"collection":[{"href":"https:\/\/staging.ivg.it\/ediapi\/wp\/v2\/posts"}],"about":[{"href":"https:\/\/staging.ivg.it\/ediapi\/wp\/v2\/types\/post"}],"author":[{"embeddable":true,"href":"https:\/\/staging.ivg.it\/ediapi\/wp\/v2\/users\/12291"}],"replies":[{"embeddable":true,"href":"https:\/\/staging.ivg.it\/ediapi\/wp\/v2\/comments?post=289207"}],"version-history":[{"count":0,"href":"https:\/\/staging.ivg.it\/ediapi\/wp\/v2\/posts\/289207\/revisions"}],"wp:attachment":[{"href":"https:\/\/staging.ivg.it\/ediapi\/wp\/v2\/media?parent=289207"}],"wp:term":[{"taxonomy":"category","embeddable":true,"href":"https:\/\/staging.ivg.it\/ediapi\/wp\/v2\/categories?post=289207"},{"taxonomy":"post_tag","embeddable":true,"href":"https:\/\/staging.ivg.it\/ediapi\/wp\/v2\/tags?post=289207"}],"curies":[{"name":"wp","href":"https:\/\/api.w.org\/{rel}","templated":true}]}}