{"id":289205,"date":"2015-04-21T19:26:37","date_gmt":"2015-04-21T17:26:37","guid":{"rendered":"http:\/\/www.ivg.it\/?p=289205"},"modified":"2015-04-21T21:10:14","modified_gmt":"2015-04-21T19:10:14","slug":"inizia-da-savona-la-rincorsa-di-lorena-rambaudi-alla-regione-sono-seria-onesta-e-concreta","status":"publish","type":"post","link":"https:\/\/staging.ivg.it\/2015\/04\/inizia-da-savona-la-rincorsa-di-lorena-rambaudi-alla-regione-sono-seria-onesta-e-concreta\/","title":{"rendered":"Inizia da Savona la rincorsa di Lorena Rambaudi alla Regione: &#8220;Sono seria, onesta e capace&#8221;"},"content":{"rendered":"<p><strong>Savona.<\/strong> Perch\u00e9 votare <strong>Lorena Rambaudi<\/strong>? &#8220;Perch\u00e9 <strong>mi impegno, sono seria e onesta<\/strong>, e ho gi\u00e0 dimostrato di saper fare qualcosa nell\u2019amministrazione pubblica&#8221;. E&#8217; diretta e concisa, l&#8217;ex assessore comunale savonese ed assessore regionale uscente alle Politiche Sociali, nel presentare la propria campagna elettorale con la quale inseguir\u00e0 un secondo mandato.<\/p>\n<p>Per dare il via alla rincorsa ha scelto la sua citt\u00e0, Savona, quella dove ha mosso i primi passi della propria carriera politica. E quella dove, presumibilmente, tenter\u00e0 di trovare i voti necessari alla riconferma in Regione. &#8220;E\u2019 l\u2019apertura di una campagna elettorale non facile &#8211; esordisce &#8211; non bisogna sottovalutare niente, bisogna girare sul territorio, convincere le persone a votare perch\u00e9 <strong>la politica in questi anni ha allontanato molte persone. Bisogna riconquistare la loro fiducia<\/strong>: noi abbiamo idee, programmi e persone oneste e spendibili, e quindi cercheremo di portare il programma di Raffaella Paita in giro per la Liguria, ognuno nei suoi collegi&#8221;.<\/p>\n<p>Al suo fianco l&#8217;attuale sindaco di Savona, Federico Berruti; in piedi ad ascoltarla e sostenerla gli altri esponenti Pd della giunta savonese, oltre a quelli della societ\u00e0 civile e ad alcuni sindaci del territorio come quelli di Bergeggi, Quiliano o Rialto.\u00a0Lo slogan scelto per la campagna elettorale richiama da vicino l&#8217;attivit\u00e0 amministrativa degli ultimi anni: &#8220;<strong>Ho scelto \u2018La Liguria delle persone\u2019 perch\u00e9 mi piace occuparmi di sociale<\/strong>, sanit\u00e0, scuola, e tutte le cose che hanno a che fare col miglioramento della qualit\u00e0 della vita delle persone. <strong>Ho fatto gi\u00e0 molto in questo settore, ma spero di fare ancora di pi\u00f9 se continuer\u00f2<\/strong>&#8220;.<\/p>\n<p>In piedi su un camioncino all&#8217;interno dei locali della Cooperativa Bazzino spiega ai presenti, un centinaio di persone, le parole chiave del suo eventuale secondo mandato: &#8220;<strong>Concretezza, riconversione delle risorse, coraggio delle riforme<\/strong>. Di risorse ce ne saranno sempre meno: non possiamo raccontare in una campagna elettorale che ci saranno pi\u00f9 risorse,\u00a0non \u00e8 cos\u00ec. Bisogna spendere meglio le risorse che si hanno, bisogna razionalizzare ancora i servizi, bisogna avere il coraggio di cambiare radicalmente alcune cose. Dei margini ci sono, la volont\u00e0 c\u2019\u00e8, la paura di mettere le mani dentro alle cose non l\u2019abbiamo e quindi possiamo farcela&#8221;.<\/p>\n<p>Secondo i primi rumors, al di l\u00e0 della presidente (nel caso di vittoria di Raffaella Paita) o vicepresidente (Sonia Viale in caso di vittoria di Giovanni Toti), di donne in consiglio ce ne saranno ancora meno: \u201cPurtroppo non abbiamo potuto cambiare la legge elettorale, che con la doppia preferenza di genere avrebbe agevolato la rappresentanza femminile &#8211; conclude Rambaudi &#8211; La lista del Pd \u00e8 composta per il 40% da donne, io spero che alcune di esse possano essere competitive e possano sedere nei banchi del consiglio perch\u00e9 c\u2019\u00e8 bisogno della concretezza delle donne&#8221;.<\/p>\n","protected":false},"excerpt":{"rendered":"<p>Tre i punti chiave del programma: &#8220;Concretezza, riconversione delle risorse, coraggio delle riforme&#8221;<\/p>\n","protected":false},"author":10593,"featured_media":0,"comment_status":"open","ping_status":"closed","sticky":false,"template":"","format":"standard","meta":{"footnotes":""},"categories":[45296,31],"tags":[10658,54363],"class_list":["post-289205","post","type-post","status-publish","format-standard","hentry","category-copertina","category-politica","tag-elezioni-regionali","tag-regionali-2015","post_cat_citta-savona","post_tag_personaggi-lorena-rambaudi-2"],"amp_validity":null,"amp_enabled":true,"_links":{"self":[{"href":"https:\/\/staging.ivg.it\/ediapi\/wp\/v2\/posts\/289205","targetHints":{"allow":["GET"]}}],"collection":[{"href":"https:\/\/staging.ivg.it\/ediapi\/wp\/v2\/posts"}],"about":[{"href":"https:\/\/staging.ivg.it\/ediapi\/wp\/v2\/types\/post"}],"author":[{"embeddable":true,"href":"https:\/\/staging.ivg.it\/ediapi\/wp\/v2\/users\/10593"}],"replies":[{"embeddable":true,"href":"https:\/\/staging.ivg.it\/ediapi\/wp\/v2\/comments?post=289205"}],"version-history":[{"count":0,"href":"https:\/\/staging.ivg.it\/ediapi\/wp\/v2\/posts\/289205\/revisions"}],"wp:attachment":[{"href":"https:\/\/staging.ivg.it\/ediapi\/wp\/v2\/media?parent=289205"}],"wp:term":[{"taxonomy":"category","embeddable":true,"href":"https:\/\/staging.ivg.it\/ediapi\/wp\/v2\/categories?post=289205"},{"taxonomy":"post_tag","embeddable":true,"href":"https:\/\/staging.ivg.it\/ediapi\/wp\/v2\/tags?post=289205"}],"curies":[{"name":"wp","href":"https:\/\/api.w.org\/{rel}","templated":true}]}}