{"id":289186,"date":"2015-04-21T17:09:24","date_gmt":"2015-04-21T15:09:24","guid":{"rendered":"http:\/\/www.ivg.it\/?p=289186"},"modified":"2015-04-21T17:09:24","modified_gmt":"2015-04-21T15:09:24","slug":"regionali-fi-a-pietra-ligure-sostiene-melgrati-unico-in-questi-anni-a-dare-battaglia-per-il-ponente","status":"publish","type":"post","link":"https:\/\/staging.ivg.it\/2015\/04\/regionali-fi-a-pietra-ligure-sostiene-melgrati-unico-in-questi-anni-a-dare-battaglia-per-il-ponente\/","title":{"rendered":"Regionali, FI a Pietra Ligure sostiene Melgrati: &#8220;Unico in questi anni a dare battaglia per il ponente&#8221;"},"content":{"rendered":"<p><strong>Pietra Ligure.<\/strong> Forza Italia ed\u00a0il Club Forza Silvio di Pietra Ligure si schierano con Marco Melgrati nella corsa alle regionali del 31 maggio: ad annunciarlo \u00e8 <strong>Matteo Canciani<\/strong> con un comunicato.<\/p>\n<p>La speranza del forzista \u00e8 quella di una vittoria da parte di Melgrati che\u00a0&#8220;consentirebbe, soprattutto al ponente ligure, una boccata di ossigeno dopo anni di apnea e di discriminazione territoriale da parte del Partito Democratico&#8221;.<\/p>\n<p>&#8220;Per tutta la durata del suo mandato in Regione Liguria Melgrati ha dimostrato che se si vuole risolvere i problemi o almeno tentarci si pu\u00f2, anche se con mille difficolt\u00e0 e con sacrifici &#8211; continua Canciani &#8211;\u00a0L&#8217;unico in grado di mettere in evidenza le problematiche del ponente ligure lasciato allo sbando dal Partito Democratico in favore del levante, forse solo perch\u00e9 il bacino elettorale \u00e8 pi\u00f9 imponente rispetto al savonese e imperiese.\u00a0Ha cercato e saputo anche risolvere e arginare il deturpamento dei 4 nosocomi savonesi in favore del San Paolo, vero obiettivo del PD ligure&#8221;.<\/p>\n<p>Il forzista pietrese sottolinea poi la <strong>battaglia portata avanti da Melgrati in favore della pediatria del Santa Corona<\/strong>: &#8220;Il 10 maggio sar\u00e0 organizzato\u00a0un banchetto per raccogliere le firme, e la sua presenza sar\u00e0 garantita come sempre per stare in mezzo alla gente per capire e cercare di risolvere i problemi, quotidiani e non&#8221;.<\/p>\n<p>Nei prossimi giorni sar\u00e0 inoltre attiva la pagina Facebook <strong>&#8220;Io Sto Con Melgrati&#8221;<\/strong> gestita proprio da Canciani,\u00a0con l&#8217;intento di ripercorre le tante battaglie, le pi\u00f9 rilevanti, portate avanti in questi anni. &#8220;Spero che la gente capisca &#8211; conclude il forzista &#8211; che sia l&#8217;ora di cambiare: e per farlo serve per\u00f2 scegliere le persone giuste, di cui ci si pu\u00f2 fidare&#8221;.<\/p>\n","protected":false},"excerpt":{"rendered":"<p>Pietra Ligure. Forza Italia ed\u00a0il Club Forza Silvio di Pietra Ligure si schierano con Marco Melgrati nella corsa alle regionali del 31 maggio: ad annunciarlo \u00e8 Matteo Canciani con un comunicato. La speranza del forzista \u00e8 quella di una vittoria da parte di Melgrati che\u00a0&#8220;consentirebbe, soprattutto al ponente ligure, una boccata di ossigeno dopo anni [&hellip;]<\/p>\n","protected":false},"author":10593,"featured_media":0,"comment_status":"open","ping_status":"closed","sticky":false,"template":"","format":"standard","meta":{"footnotes":""},"categories":[31],"tags":[10658,54363],"class_list":["post-289186","post","type-post","status-publish","format-standard","hentry","category-politica","tag-elezioni-regionali","tag-regionali-2015","post_cat_citta-pietra-ligure","post_tag_personaggi-matteo-canciani-2"],"amp_validity":null,"amp_enabled":true,"_links":{"self":[{"href":"https:\/\/staging.ivg.it\/ediapi\/wp\/v2\/posts\/289186","targetHints":{"allow":["GET"]}}],"collection":[{"href":"https:\/\/staging.ivg.it\/ediapi\/wp\/v2\/posts"}],"about":[{"href":"https:\/\/staging.ivg.it\/ediapi\/wp\/v2\/types\/post"}],"author":[{"embeddable":true,"href":"https:\/\/staging.ivg.it\/ediapi\/wp\/v2\/users\/10593"}],"replies":[{"embeddable":true,"href":"https:\/\/staging.ivg.it\/ediapi\/wp\/v2\/comments?post=289186"}],"version-history":[{"count":0,"href":"https:\/\/staging.ivg.it\/ediapi\/wp\/v2\/posts\/289186\/revisions"}],"wp:attachment":[{"href":"https:\/\/staging.ivg.it\/ediapi\/wp\/v2\/media?parent=289186"}],"wp:term":[{"taxonomy":"category","embeddable":true,"href":"https:\/\/staging.ivg.it\/ediapi\/wp\/v2\/categories?post=289186"},{"taxonomy":"post_tag","embeddable":true,"href":"https:\/\/staging.ivg.it\/ediapi\/wp\/v2\/tags?post=289186"}],"curies":[{"name":"wp","href":"https:\/\/api.w.org\/{rel}","templated":true}]}}