{"id":289141,"date":"2015-04-21T12:29:51","date_gmt":"2015-04-21T10:29:51","guid":{"rendered":"http:\/\/www.ivg.it\/?p=289141"},"modified":"2015-04-27T11:01:44","modified_gmt":"2015-04-27T09:01:44","slug":"piaggio-convocato-un-tavolo-al-mise-pasa-fiom-garanzie-sul-futuro-di-genova-e-villanova-e-sui-ricollocati-laer","status":"publish","type":"post","link":"https:\/\/staging.ivg.it\/2015\/04\/piaggio-convocato-un-tavolo-al-mise-pasa-fiom-garanzie-sul-futuro-di-genova-e-villanova-e-sui-ricollocati-laer\/","title":{"rendered":"Piaggio, convocato un tavolo al Mise. Pasa (Fiom): &#8220;Garanzie sul futuro di Genova e Villanova e sui ricollocati Laer&#8221;"},"content":{"rendered":"<p><strong>Villanova d&#8217;Albenga<\/strong>. &#8220;A una settimana di distanza dall\u2019incontro tra il prefetto di Genova e le rappresentanze dei lavoratori degli stabilimenti di Sestri e Villanova abbiamo ricevuto questa mattina la convocazione ufficiale da parte del responsabile del ministero dello sviluppo economico) per il prossimo 28 aprile alle 14:30 a Roma, dimostrando ancora una volta molto interesse per le vicende della Piaggio Aerospace&#8221;.<\/p>\n<p>Ad annunciare la convocazione del tavolo istituzionale per discutere ancora una volta del futuro degli stabilimenti Piaggio di Genova e di Villanova (nonch\u00e9 dei livelli di produttivit\u00e0 e quindi di occupazione) dei due siti \u00e8 Andrea Pasa di Fiom-Cgil, che aggiunge: &#8220;In quell\u2019incontro vogliamo risposte sia sul futuro delle aree di Genova che sul cronoprogramma della produzione nel sito di Villanova. Attualmente la priorit\u00e0 \u00e8 fare chiarezza su queste due questioni e come queste si intrecciano con il piano industriale della Laer&#8221;.<\/p>\n<p>&#8220;A otto mesi dall&#8217;avvio del nuovo sito \u2013 ricorda Pasa \u2013 le produzioni velivoslistiche e motoristiche a Villanova non sono ancora a pieno regime e siamo in attesa di avere un incontro con il nuovo responsabile dell\u2019area velivoli per fare il punto sullo stato di avanzamento della produzione&#8221;.<\/p>\n<p>Da qui la necessit\u00e0 di avere rassicurazioni: &#8220;Al ministero chiederemo un impegno affinch\u00e9 chi \u00e8 passato o passer\u00e0 da Piaggio in Laer abbia una clausola che eviti il contratto a tempo indeterminato con le tutele crescenti, visto che l\u2019accordo sottoscritto da tutte le organizzazioni sindacali di Genova e Savona (che prevede l\u2019esternalizzazione di alcune attivit\u00e0 velivoslistiche e parte dei lavoratori Piaggio in Laer) \u00e8 stato sottoscritto a giugno dello scorso anno quando ancora non vi erano le nuove regole del mercato del lavoro che sono entrate in vigore lo scorso 7 marzo. Ancora una volta auspichiamo una mediazione da parte delle istituzioni locali e nazionali&#8221;.<\/p>\n","protected":false},"excerpt":{"rendered":"<p>&#8220;Le produzioni di Villanova non sono ancora a pieno regime e siamo in attesa di un incontro con il responsabile dell\u2019area velivoli&#8221;<\/p>\n","protected":false},"author":12120,"featured_media":0,"comment_status":"open","ping_status":"closed","sticky":false,"template":"","format":"standard","meta":{"footnotes":""},"categories":[45296,35],"tags":[4898,53132,4496,58854],"class_list":["post-289141","post","type-post","status-publish","format-standard","hentry","category-copertina","category-economia","tag-fiom-cgil","tag-laer","tag-ministero-sviluppo-economico","tag-piaggio-aerospace","post_cat_citta-villanova-dalbenga","post_tag_personaggi-andrea-pasa"],"amp_validity":null,"amp_enabled":true,"_links":{"self":[{"href":"https:\/\/staging.ivg.it\/ediapi\/wp\/v2\/posts\/289141","targetHints":{"allow":["GET"]}}],"collection":[{"href":"https:\/\/staging.ivg.it\/ediapi\/wp\/v2\/posts"}],"about":[{"href":"https:\/\/staging.ivg.it\/ediapi\/wp\/v2\/types\/post"}],"author":[{"embeddable":true,"href":"https:\/\/staging.ivg.it\/ediapi\/wp\/v2\/users\/12120"}],"replies":[{"embeddable":true,"href":"https:\/\/staging.ivg.it\/ediapi\/wp\/v2\/comments?post=289141"}],"version-history":[{"count":0,"href":"https:\/\/staging.ivg.it\/ediapi\/wp\/v2\/posts\/289141\/revisions"}],"wp:attachment":[{"href":"https:\/\/staging.ivg.it\/ediapi\/wp\/v2\/media?parent=289141"}],"wp:term":[{"taxonomy":"category","embeddable":true,"href":"https:\/\/staging.ivg.it\/ediapi\/wp\/v2\/categories?post=289141"},{"taxonomy":"post_tag","embeddable":true,"href":"https:\/\/staging.ivg.it\/ediapi\/wp\/v2\/tags?post=289141"}],"curies":[{"name":"wp","href":"https:\/\/api.w.org\/{rel}","templated":true}]}}