{"id":289036,"date":"2015-04-20T10:46:26","date_gmt":"2015-04-20T08:46:26","guid":{"rendered":"http:\/\/www.ivg.it\/?p=289036"},"modified":"2015-04-20T10:48:11","modified_gmt":"2015-04-20T08:48:11","slug":"parte-da-savona-la-campagna-elettorale-di-lorena-rambaudi","status":"publish","type":"post","link":"https:\/\/staging.ivg.it\/2015\/04\/parte-da-savona-la-campagna-elettorale-di-lorena-rambaudi\/","title":{"rendered":"Parte da Savona la campagna elettorale di Lorena Rambaudi"},"content":{"rendered":"<p><strong>Savona<\/strong>. La campagna elettorale di Lorena Rambaudi per le elezioni regionali parte domani, alle 18, da Savona e da un luogo simbolico che identifica la sua storia, la Coop Nova di via Braja (zona Officine).<\/p>\n<p>&#8220;Io vengo da l\u00ec, dal mondo della cooperazione &#8211; racconta Rambaudi -. Il mio lavoro, quello che ho lasciato per fare l&#8217;amministratore pubblico e quello a cui torner\u00f2 quando abbandoner\u00f2 la politica \u00e8 l&#8217;educatrice cooperante. Nel mondo della cooperazione ho formato la mia maniera di essere che ha poi avuti riflessi sul mio modo di amministrare, mettendo sempre al centro della mia azione e in cima alla lista delle priorit\u00e0 le persone. L&#8217;ho fatto durante tutto i 5 anni da assessore regionale e lo far\u00f2 nuovamente se i savonesi, votandomi, mi conferiranno un nuovo mandato&#8221;.<\/p>\n<p>&#8220;La Liguria delle persone&#8221; \u00e8 lo slogan scelto da Rambaudi per la sua campagna elettorale che sar\u00e0 caratterizzata dalla sobriet\u00e0 e da iniziative di ascolto e vicinanza con la gente.<\/p>\n<p>&#8220;Purtroppo non \u00e8 stato possibile modificare la legge elettorale regionale e introdurre la doppia preferenza di genere &#8211; prosegue Rambaudi &#8211; quindi ancora una volta le donne saranno poche e sottorappresentate rispetto alla popolazione. Ma ricordiamoci che votando Pd potremo avere per la prima volta una donna Presidente della Regione Liguria, una donna, Raffaella Paita, che compete con tutti uomini&#8221;.<\/p>\n<p>L&#8217;appello lanciato dalla candidata del Partito Democratico \u00e8 rivolto \u201ca tutte le donne per votare una donna, per votare Paita Presidente e a scrivere Rambaudi sulla scheda elettorale, perch\u00e9 il punto di vista femminile, diverso da quello maschile, arrivi nei luoghi dove vengono prese le decisioni\u201d.<\/p>\n<p>L&#8217;appuntamento \u00e8 quindi per domani alle 18 alla Coop Nova dove interverranno anche Federico Berruti, Claudio Burlando e Raffaella Paita.<\/p>\n","protected":false},"excerpt":{"rendered":"<p>&#8220;La Liguria delle persone&#8221; \u00e8 lo slogan scelto dalla candidata che sostiene Lella Paita<\/p>\n","protected":false},"author":2394,"featured_media":0,"comment_status":"open","ping_status":"closed","sticky":false,"template":"","format":"standard","meta":{"footnotes":""},"categories":[31],"tags":[54363],"class_list":["post-289036","post","type-post","status-publish","format-standard","hentry","category-politica","tag-regionali-2015","post_cat_citta-savona","post_tag_personaggi-lella-paita","post_tag_personaggi-lorena-rambaudi-2","post_tag_personaggi-raffaella-paita"],"amp_validity":null,"amp_enabled":true,"_links":{"self":[{"href":"https:\/\/staging.ivg.it\/ediapi\/wp\/v2\/posts\/289036","targetHints":{"allow":["GET"]}}],"collection":[{"href":"https:\/\/staging.ivg.it\/ediapi\/wp\/v2\/posts"}],"about":[{"href":"https:\/\/staging.ivg.it\/ediapi\/wp\/v2\/types\/post"}],"author":[{"embeddable":true,"href":"https:\/\/staging.ivg.it\/ediapi\/wp\/v2\/users\/2394"}],"replies":[{"embeddable":true,"href":"https:\/\/staging.ivg.it\/ediapi\/wp\/v2\/comments?post=289036"}],"version-history":[{"count":0,"href":"https:\/\/staging.ivg.it\/ediapi\/wp\/v2\/posts\/289036\/revisions"}],"wp:attachment":[{"href":"https:\/\/staging.ivg.it\/ediapi\/wp\/v2\/media?parent=289036"}],"wp:term":[{"taxonomy":"category","embeddable":true,"href":"https:\/\/staging.ivg.it\/ediapi\/wp\/v2\/categories?post=289036"},{"taxonomy":"post_tag","embeddable":true,"href":"https:\/\/staging.ivg.it\/ediapi\/wp\/v2\/tags?post=289036"}],"curies":[{"name":"wp","href":"https:\/\/api.w.org\/{rel}","templated":true}]}}