{"id":289014,"date":"2015-04-20T07:40:40","date_gmt":"2015-04-20T05:40:40","guid":{"rendered":"http:\/\/www.ivg.it\/?p=289014"},"modified":"2015-04-20T07:40:40","modified_gmt":"2015-04-20T05:40:40","slug":"verso-il-25-aprile-anche-ceriale-ricorda-la-resistenza","status":"publish","type":"post","link":"https:\/\/staging.ivg.it\/2015\/04\/verso-il-25-aprile-anche-ceriale-ricorda-la-resistenza\/","title":{"rendered":"Verso il 25 aprile, anche Ceriale ricorda la Resistenza"},"content":{"rendered":"<p><strong>Ceriale. Anche a Ceriale, il prossimo 25 aprile, sar\u00e0 celebrato il 70\u00b0 anniversario della vittoria dei combattenti della Resistenza. <\/strong><\/p>\n<p>Questo il programma della manifestazione: alle ore 10,15 raduno autorit\u00e0, rappresentanze, organizzazioni, associazioni e cittadini si ritroveranno in Piazza Nuova Italia davanti al palazzo comunale. Quindi alle 10,30 \u00e8 prevista la deposizione della corona al Monumento ai Caduti in Piazza della Vittoria. Dopodich\u00e9 \u00e8 in programma l&#8217;orazione tenuta dal professor Nicolangelo D&#8217;Acunto. <\/p>\n<p>Sar\u00e0 quindi organizzato un corteo che da Piazza della Vittoria raggiunger\u00e0 Piazza XXV Aprile   con la deposizione di una corona alle 11 al Monumento al Partigiano.   Dopo il saluto del sindaco, orazione tenuta dal Prof. Nicolangelo D&#8217;Acunto.  <\/p>\n","protected":false},"excerpt":{"rendered":"<p>Previsto anche un corteo che da Piazza della Vittoria raggiunger\u00e0 Piazza XXV Aprile  <\/p>\n","protected":false},"author":12291,"featured_media":0,"comment_status":"open","ping_status":"closed","sticky":false,"template":"","format":"standard","meta":{"footnotes":""},"categories":[45296,56],"tags":[470],"class_list":["post-289014","post","type-post","status-publish","format-standard","hentry","category-copertina","category-altre","tag-resistenza","post_cat_citta-ceriale","post_tag_personaggi-nicolangelo-dacunto"],"amp_validity":null,"amp_enabled":true,"_links":{"self":[{"href":"https:\/\/staging.ivg.it\/ediapi\/wp\/v2\/posts\/289014","targetHints":{"allow":["GET"]}}],"collection":[{"href":"https:\/\/staging.ivg.it\/ediapi\/wp\/v2\/posts"}],"about":[{"href":"https:\/\/staging.ivg.it\/ediapi\/wp\/v2\/types\/post"}],"author":[{"embeddable":true,"href":"https:\/\/staging.ivg.it\/ediapi\/wp\/v2\/users\/12291"}],"replies":[{"embeddable":true,"href":"https:\/\/staging.ivg.it\/ediapi\/wp\/v2\/comments?post=289014"}],"version-history":[{"count":0,"href":"https:\/\/staging.ivg.it\/ediapi\/wp\/v2\/posts\/289014\/revisions"}],"wp:attachment":[{"href":"https:\/\/staging.ivg.it\/ediapi\/wp\/v2\/media?parent=289014"}],"wp:term":[{"taxonomy":"category","embeddable":true,"href":"https:\/\/staging.ivg.it\/ediapi\/wp\/v2\/categories?post=289014"},{"taxonomy":"post_tag","embeddable":true,"href":"https:\/\/staging.ivg.it\/ediapi\/wp\/v2\/tags?post=289014"}],"curies":[{"name":"wp","href":"https:\/\/api.w.org\/{rel}","templated":true}]}}