{"id":288874,"date":"2015-04-17T17:08:21","date_gmt":"2015-04-17T15:08:21","guid":{"rendered":"http:\/\/www.ivg.it\/?p=288874"},"modified":"2015-04-17T17:08:21","modified_gmt":"2015-04-17T15:08:21","slug":"mancano-40-mila-euro-alla-markas-mensa-scolastica-di-albisola-a-rischio","status":"publish","type":"post","link":"https:\/\/staging.ivg.it\/2015\/04\/mancano-40-mila-euro-alla-markas-mensa-scolastica-di-albisola-a-rischio\/","title":{"rendered":"Mancano 40 mila euro alla Markas, mensa scolastica di Albisola a rischio"},"content":{"rendered":"<p><strong>Albisola. I furbetti del buono mensa avvertiti via sms dall&#8217;azienda che ha in appalto il servizio che giorno dopo giorno si vede allargare una voragine nei bilanci per mancati incassi. Fino ad oggi ne mancano 40 mila.<\/strong><\/p>\n<p>Succede ad Albisola Superiore dove, ormai molte famiglie, non pagano il ticket per i pasti dei figlia della mensa del polo scolastico della Massa che vengono serviti a 540 alunni.<\/p>\n<p>La Markas di Bolzano ha lanciato l&#8217;allarme e a raccoglierlo \u00e8 stato l&#8217;assessorato all\u2019Istruzione spiegando pubblicamente che &#8220;la ditta potrebbe pagare la penale e ritirarsi da Albisola proprio perch\u00e9 i conti non tornano&#8221;.<\/p>\n<p>Un passo indietro: il Comune garantir\u00e0 la copertura di 15 mila euro del servizio cos\u00ec come previsto ma solo per le famiglie in difficolt\u00e0 seguite dai servizi sociali, ma restano quei 25 mila euro di &#8220;buco&#8221; da coprire da genitori che hanno figli a carico e non pagano i buoni e quindi di fatto sono insolventi. Ora davvero la situazione rischia di degenerare:  se il debito dovesse accumularsi ulteriormente l\u2019azienda trentina potrebbe arrivare alla conseguenza estrema di pagare la penale per rinunciare all\u2019incarico. <\/p>\n<p>L&#8217;azienda che serve ai bambini pasti di elevata qualit\u00e0 opera in Trentino, Alto Adige, Veneto e Liguria, ma anche in Austria e Romania. Ad Albisola offre gratuitamente il latte alla materna, la frutta a met\u00e0 mattinata una volta a settimana e dirotta in beneficienza i pasti alla societ\u00e0 San Vincenzo non utilizzati e ancora sigillati. La direzione ha dato rassicurazioni sulla volont\u00e0 di proseguire il lavoro, ma una soluzione andr\u00e0 trovata. <\/p>\n","protected":false},"excerpt":{"rendered":"<p>Famiglie insolventi, non pagano il buono mensa e il servizio ora \u00e8 in pericolo<\/p>\n","protected":false},"author":12291,"featured_media":0,"comment_status":"open","ping_status":"closed","sticky":false,"template":"","format":"standard","meta":{"footnotes":""},"categories":[45296,56],"tags":[8169],"class_list":["post-288874","post","type-post","status-publish","format-standard","hentry","category-copertina","category-altre","tag-mensa-scolastica","post_cat_citta-albisola-superiore"],"amp_validity":null,"amp_enabled":true,"_links":{"self":[{"href":"https:\/\/staging.ivg.it\/ediapi\/wp\/v2\/posts\/288874","targetHints":{"allow":["GET"]}}],"collection":[{"href":"https:\/\/staging.ivg.it\/ediapi\/wp\/v2\/posts"}],"about":[{"href":"https:\/\/staging.ivg.it\/ediapi\/wp\/v2\/types\/post"}],"author":[{"embeddable":true,"href":"https:\/\/staging.ivg.it\/ediapi\/wp\/v2\/users\/12291"}],"replies":[{"embeddable":true,"href":"https:\/\/staging.ivg.it\/ediapi\/wp\/v2\/comments?post=288874"}],"version-history":[{"count":0,"href":"https:\/\/staging.ivg.it\/ediapi\/wp\/v2\/posts\/288874\/revisions"}],"wp:attachment":[{"href":"https:\/\/staging.ivg.it\/ediapi\/wp\/v2\/media?parent=288874"}],"wp:term":[{"taxonomy":"category","embeddable":true,"href":"https:\/\/staging.ivg.it\/ediapi\/wp\/v2\/categories?post=288874"},{"taxonomy":"post_tag","embeddable":true,"href":"https:\/\/staging.ivg.it\/ediapi\/wp\/v2\/tags?post=288874"}],"curies":[{"name":"wp","href":"https:\/\/api.w.org\/{rel}","templated":true}]}}