{"id":288854,"date":"2015-04-17T13:41:02","date_gmt":"2015-04-17T11:41:02","guid":{"rendered":"http:\/\/www.ivg.it\/?p=288854"},"modified":"2015-04-17T13:41:02","modified_gmt":"2015-04-17T11:41:02","slug":"torna-al-priamar-25-aprile-resiste-musica-mostre-proiezioni-spettacoli-e-intrattenimento","status":"publish","type":"post","link":"https:\/\/staging.ivg.it\/2015\/04\/torna-al-priamar-25-aprile-resiste-musica-mostre-proiezioni-spettacoli-e-intrattenimento\/","title":{"rendered":"Torna al Priamar &#8220;25 Aprile (R)Esiste&#8221;: musica, mostre, proiezioni, spettacoli e intrattenimento"},"content":{"rendered":"<p><strong>Savona.<\/strong> Torna per il quarto anno 25 aprile (R)esiste presso la Fortezza del Priamar, iniziativa all&#8217;insegna della partecipazione con musica, mostre, spettacoli e intrattenimento, organizzato dal Comune di Savona (Assessorato alla Cultura e Politiche Giovanili e Assessorato alla Partecipazione) e ANPI Savona, con la direzione musicale a cura di Raindogs, con il contributo di Coop Liguria, Legacoop, CGIL, SMS Ciantagalletto Fratellanza Leginese Marmorassi .<\/p>\n<p>Si rinnova, dunque, l&#8217;appuntamento al Priamar, che, nel settantesimo anniversario della Liberazione, si conferma un importante momento di riflessione e celebrazione, per mantenere viva la memoria e la coscienza politica della Resistenza partigiana, e, al contempo, un&#8217;occasione di festa per i giovani e per tutta la citt\u00e0, con una giornata ricca di eventi ed iniziative, che avr\u00e0 inizio con l&#8217;apertura della Fortezza alle 15.<\/p>\n<p>&#8220;Il 25 aprile (R)Esiste \u00e8 ormai un appuntamento fisso nella nostra programmazione &#8211; dichiara l&#8217;Assessore alla Cultura e alle Politiche Giovanili <strong>Elisa Di Padova &#8211;\u00a0<\/strong>Siamo giunti alla quarta edizione, particolarmente significativa in considerazione del settantesimo anniversario della Liberazione, un anniversario importante che deve ricondurci a una vigilanza attiva e partecipata di quei valori conquistati dalla lotta e dal sacrificio dei Partigiani: la libert\u00e0, la pace, la democrazia; valori da ricordare continuamente nelle nostre azioni e scelte quotidiane&#8221;.<\/p>\n<p>&#8220;Associandomi a quanto detto dal presidente della Repubblica Sergio Mattarella &#8211; prosegue Di Padova &#8211; occorre mettere fine a anni di ambiguit\u00e0 all\u2019insegna del \u201crispetto per tutti i morti\u201d ed evitare <strong>pericolose equiparazioni<\/strong> fra i due campi in conflitto, specialmente in considerazione di rigurgiti di fascismo cui, purtroppo, assistiamo. La manifestazione era nata come un\u2019ambiziosa e bellissima scommessa che poi si \u00e8 sviluppata all\u2019interno del Tavolo dei Giovani con la partecipazione di numerosi soggetti ed associazioni, aderenti al Tavolo e al Comitato Cittadino per la Resistenza Antifascista e si \u00e8 ritagliata un bellissimo spazio in termini di pubblico e attenzione, affiancandosi alle iniziative e cerimonie pi\u00f9 istituzionali. Come Amministratore e in particolare come Assessorato alle Politiche Giovanili posso dire che abbiamo centrato un obiettivo importante: tener vivo il valore della libert\u00e0 conquistata attraverso il linguaggio dei giovani e soprattutto con la loro diretta partecipazione. Vi aspettiamo\u201d.<\/p>\n<p>\u201cPer noi \u00e8 una priorit\u00e0 omaggiare chi, in quegli anni bui, si \u00e8 reso partecipe della Liberazione della nostra patria &#8211; sottolinea invece l&#8217;Assessore alla Partecipazione e Decentramento <strong>Sergio Lugaro<\/strong>\u00a0&#8211; In occasione del settantesimo anniversario, vorrei quindi ricordare proprio quei, ahim\u00e8, ancora pochi in vita, partigiani del nostro territorio, che hanno reso l&#8217;Italia un Paese democratico. Che il loro esempio sia un monito per tutte le generazioni a venire&#8221;.<\/p>\n","protected":false},"excerpt":{"rendered":"<p>La manifestazione \u00e8 promossa da Assessorato alle Politiche Giovanili, Assessorato alla Partecipazione e da ANPI con la direzione artistica di Raindogs<\/p>\n","protected":false},"author":10593,"featured_media":0,"comment_status":"open","ping_status":"closed","sticky":false,"template":"","format":"standard","meta":{"footnotes":""},"categories":[45296,56],"tags":[8980,85995,470],"class_list":["post-288854","post","type-post","status-publish","format-standard","hentry","category-copertina","category-altre","tag-25-aprile","tag-priamar","tag-resistenza","post_cat_citta-savona","post_tag_personaggi-elisa-di-padova-2","post_tag_personaggi-sergio-lugaro"],"amp_validity":null,"amp_enabled":true,"_links":{"self":[{"href":"https:\/\/staging.ivg.it\/ediapi\/wp\/v2\/posts\/288854","targetHints":{"allow":["GET"]}}],"collection":[{"href":"https:\/\/staging.ivg.it\/ediapi\/wp\/v2\/posts"}],"about":[{"href":"https:\/\/staging.ivg.it\/ediapi\/wp\/v2\/types\/post"}],"author":[{"embeddable":true,"href":"https:\/\/staging.ivg.it\/ediapi\/wp\/v2\/users\/10593"}],"replies":[{"embeddable":true,"href":"https:\/\/staging.ivg.it\/ediapi\/wp\/v2\/comments?post=288854"}],"version-history":[{"count":0,"href":"https:\/\/staging.ivg.it\/ediapi\/wp\/v2\/posts\/288854\/revisions"}],"wp:attachment":[{"href":"https:\/\/staging.ivg.it\/ediapi\/wp\/v2\/media?parent=288854"}],"wp:term":[{"taxonomy":"category","embeddable":true,"href":"https:\/\/staging.ivg.it\/ediapi\/wp\/v2\/categories?post=288854"},{"taxonomy":"post_tag","embeddable":true,"href":"https:\/\/staging.ivg.it\/ediapi\/wp\/v2\/tags?post=288854"}],"curies":[{"name":"wp","href":"https:\/\/api.w.org\/{rel}","templated":true}]}}