{"id":288678,"date":"2015-04-15T13:09:59","date_gmt":"2015-04-15T11:09:59","guid":{"rendered":"http:\/\/www.ivg.it\/?p=288678"},"modified":"2015-04-15T13:09:59","modified_gmt":"2015-04-15T11:09:59","slug":"profughi-ripamonti-lega-non-possiamo-piu-sostenere-altri-sbarchi-prima-si-pensi-agli-italiani","status":"publish","type":"post","link":"https:\/\/staging.ivg.it\/2015\/04\/profughi-ripamonti-lega-non-possiamo-piu-sostenere-altri-sbarchi-prima-si-pensi-agli-italiani\/","title":{"rendered":"Profughi, Ripamonti (Lega): &#8220;Non possiamo pi\u00f9 sostenere altri sbarchi. Prima si pensi agli italiani&#8221;"},"content":{"rendered":"<p><strong>Provincia.<\/strong> &#8220;No ad altri profughi sul territorio&#8221;. Ad affermarlo \u00e8 Paolo Ripamonti, vice segretario ligure della Lega Nord e segretario del Carroccio nella provincia di Savona, che riprende quanto affermato dal leader leghista Matteo Salvini.<\/p>\n<p>La provincia di Savona, la Liguria, e l&#8217;Italia non possono pi\u00f9 sostenere altri sbarchi, un&#8217;invasione continua che il Governo Renzi-Alfano non riescono e forse non vogliono fermare. Il nostro paese \u00e8 gi\u00e0 in forte crisi, le difficolt\u00e0 si sentono anche nelle nostre citt\u00e0, nel ponente ligure, dove ci sono pensionati, disoccupati, esodati e famiglie che non riescono ad arrivare alla fine del mese: in questo contesto, \u00e8 inaccettabile offrire ospitalit\u00e0, vitto, alloggio e persino denaro a chi arriva sulle nostre coste con un barcone&#8221;.<\/p>\n<p>&#8220;Se \u00e8 vero, come si \u00e8 sentito in questi giorni, che Renzi e Alfano starebbero cercando altri 6 mila e 500 posti letto sul territorio nazionale per immigrati, allora la situazione sta sfuggendo loro di mano. E&#8217; evidente che chi ci governa abbia perso completamente il contatto con la realt\u00e0. La Lega Nord in provincia di Savona, con tutti i suoi rappresentanti ed eletti nelle istituzioni, \u00e8 pronta a opporsi in ogni modo a questa invasione, affinch\u00e9 gli alberghi, gli ostelli, le scuole e le caserme che la sinistra vuole destinare ai profughi vengano prima assegnati a chi ne ha davvero bisogno, ovvero agli italiani in difficolt\u00e0&#8221;, conclude Ripamonti.<\/p>\n","protected":false},"excerpt":{"rendered":"<p>Provincia. &#8220;No ad altri profughi sul territorio&#8221;. Ad affermarlo \u00e8 Paolo Ripamonti, vice segretario ligure della Lega Nord e segretario del Carroccio nella provincia di Savona, che riprende quanto affermato dal leader leghista Matteo Salvini. La provincia di Savona, la Liguria, e l&#8217;Italia non possono pi\u00f9 sostenere altri sbarchi, un&#8217;invasione continua che il Governo Renzi-Alfano [&hellip;]<\/p>\n","protected":false},"author":12120,"featured_media":0,"comment_status":"open","ping_status":"closed","sticky":false,"template":"","format":"standard","meta":{"footnotes":""},"categories":[45296],"tags":[630,31028,32013],"class_list":["post-288678","post","type-post","status-publish","format-standard","hentry","category-copertina","tag-lega-nord","tag-profughi","tag-sbarchi","post_cat_citta-provincia","post_tag_personaggi-paolo-ripamonti"],"amp_validity":null,"amp_enabled":true,"_links":{"self":[{"href":"https:\/\/staging.ivg.it\/ediapi\/wp\/v2\/posts\/288678","targetHints":{"allow":["GET"]}}],"collection":[{"href":"https:\/\/staging.ivg.it\/ediapi\/wp\/v2\/posts"}],"about":[{"href":"https:\/\/staging.ivg.it\/ediapi\/wp\/v2\/types\/post"}],"author":[{"embeddable":true,"href":"https:\/\/staging.ivg.it\/ediapi\/wp\/v2\/users\/12120"}],"replies":[{"embeddable":true,"href":"https:\/\/staging.ivg.it\/ediapi\/wp\/v2\/comments?post=288678"}],"version-history":[{"count":0,"href":"https:\/\/staging.ivg.it\/ediapi\/wp\/v2\/posts\/288678\/revisions"}],"wp:attachment":[{"href":"https:\/\/staging.ivg.it\/ediapi\/wp\/v2\/media?parent=288678"}],"wp:term":[{"taxonomy":"category","embeddable":true,"href":"https:\/\/staging.ivg.it\/ediapi\/wp\/v2\/categories?post=288678"},{"taxonomy":"post_tag","embeddable":true,"href":"https:\/\/staging.ivg.it\/ediapi\/wp\/v2\/tags?post=288678"}],"curies":[{"name":"wp","href":"https:\/\/api.w.org\/{rel}","templated":true}]}}