{"id":287950,"date":"2015-04-04T11:50:55","date_gmt":"2015-04-04T09:50:55","guid":{"rendered":"http:\/\/www.ivg.it\/?p=287950"},"modified":"2015-04-04T21:45:15","modified_gmt":"2015-04-04T19:45:15","slug":"tragedia-di-rivoli-lunedi-a-san-biagio-il-funerale-di-alessia-berruti","status":"publish","type":"post","link":"https:\/\/staging.ivg.it\/2015\/04\/tragedia-di-rivoli-lunedi-a-san-biagio-il-funerale-di-alessia-berruti\/","title":{"rendered":"Luned\u00ec a San Biagio il triste addio alla pallavolista"},"content":{"rendered":"<p><strong>Finale Ligure.<\/strong> <strong>Sar\u00e0 celebrato luned\u00ec mattina alle 10,30 nella chiesa di San Biagio a Finalborgo il funerale di Alessia Berruti, la pallavolista deceduta l&#8217;altra sera in un albergo di Rivoli. <\/strong>Stamane \u00e8 stata eseguita l&#8217;autopsia disposta dal pm Raffaele Guariniello e nel pomeriggio la salma sar\u00e0 gi\u00e0 trasferita in Liguria. Presso le opere parrocchiali di Finalborgo dalle ore 16 sar\u00e0 aperta la camera ardente.<\/p>\n<p>Era arrivata a Torino con il suo club, Volley Finale, per disputare uno dei tornei pi\u00f9 importanti a livello giovanile in Italia, organizzato dal Parella, il &#8220;Pasqua sotto rete&#8221;: oltre 1400 partecipanti dagli 11 ai 16 anni. Ed era stata la stessa madre, che amava seguire la figlia nelle trasferte, a giudare il pullmino con a bordo la squadra. Due le societ\u00e0 liguri partecipanti, oltre a quella di Finale anche una di Genova, la Serteco, iscritta alle under 14.<\/p>\n<p>Una manifestazione che \u00e8 un viaggio culturale oltre che un evento sportivo, perch\u00e9 \u00e8 sempre prevista una visita ai musei o ai monumenti pi\u00f9 importanti di Torino. In definitiva un momento di grandissima aggregazione e festa per giovanissime speranze del volley. Sul quale \u00e8 calata una cappa luttuosa difficile da immaginare e non solo da vivere.<\/p>\n<p><strong>&#8220;Un dramma che da uomo di sport non avrei mai neanche potuto ipotizzare &#8211; dice con la voce rotta dal pianto, il presidente del Parella, Gianluca Facchini &#8211;<\/strong> La notizia ci \u00e8 giunta immediatamente e ci ha lasciato stravolti. Abbiamo comunicato al presidente del club ligure (giunto a notte fonda all\u2019ospedale rivolese, ndr) e alla famiglia della ragazzina la nostra decisione di interrompere subito il torneo. Con la morte nel cuore non so come potremmo proseguire&#8221;.<\/p>\n<p>Parla di &#8220;tragedia assurda\u00a0e inspiegabile, che non trova parole&#8221;\u00a0<b>Stefano Schiappapietra<\/b>\u00a0presidente del Finale, la squadra di Alessia. &#8220;Giocava con noi da cinque anni e militava nella squadra dell\u2019under 12. Era felicissima di poter partecipare al torneo che ha iscritte 84 squadre provenienti da tutta Italia. Era il primo torneo a cui partecipavamo con la sua squadra&#8221;. E\u00a0<b>Daria Molina<\/b>, l\u2019allenatrice del Volley Finale under 12, squadra nella quale giocava Alessia, \u00e8 a casa ancora sotto choc. Allenava Alessia da quando aveva cinque anni.<\/p>\n","protected":false},"excerpt":{"rendered":"<p>Mondo dello sport in lutto per la morte della pallavolista finalese<\/p>\n","protected":false},"author":12291,"featured_media":0,"comment_status":"open","ping_status":"closed","sticky":false,"template":"","format":"standard","meta":{"footnotes":""},"categories":[56],"tags":[85997],"class_list":["post-287950","post","type-post","status-publish","format-standard","hentry","category-altre","tag-pallavolo","post_cat_citta-finale-ligure","post_cat_citta-torino","post_tag_personaggi-alessia-berruti","post_tag_personaggi-raffaele-guariniello"],"amp_validity":null,"amp_enabled":true,"_links":{"self":[{"href":"https:\/\/staging.ivg.it\/ediapi\/wp\/v2\/posts\/287950","targetHints":{"allow":["GET"]}}],"collection":[{"href":"https:\/\/staging.ivg.it\/ediapi\/wp\/v2\/posts"}],"about":[{"href":"https:\/\/staging.ivg.it\/ediapi\/wp\/v2\/types\/post"}],"author":[{"embeddable":true,"href":"https:\/\/staging.ivg.it\/ediapi\/wp\/v2\/users\/12291"}],"replies":[{"embeddable":true,"href":"https:\/\/staging.ivg.it\/ediapi\/wp\/v2\/comments?post=287950"}],"version-history":[{"count":0,"href":"https:\/\/staging.ivg.it\/ediapi\/wp\/v2\/posts\/287950\/revisions"}],"wp:attachment":[{"href":"https:\/\/staging.ivg.it\/ediapi\/wp\/v2\/media?parent=287950"}],"wp:term":[{"taxonomy":"category","embeddable":true,"href":"https:\/\/staging.ivg.it\/ediapi\/wp\/v2\/categories?post=287950"},{"taxonomy":"post_tag","embeddable":true,"href":"https:\/\/staging.ivg.it\/ediapi\/wp\/v2\/tags?post=287950"}],"curies":[{"name":"wp","href":"https:\/\/api.w.org\/{rel}","templated":true}]}}