{"id":287939,"date":"2015-04-04T09:49:34","date_gmt":"2015-04-04T07:49:34","guid":{"rendered":"http:\/\/www.ivg.it\/?p=287939"},"modified":"2015-04-04T09:49:34","modified_gmt":"2015-04-04T07:49:34","slug":"albenga-allauditorium-san-carlo-un-incontro-su-agricoltura-sociale-e-piano-di-sviluppo-rurale","status":"publish","type":"post","link":"https:\/\/staging.ivg.it\/2015\/04\/albenga-allauditorium-san-carlo-un-incontro-su-agricoltura-sociale-e-piano-di-sviluppo-rurale\/","title":{"rendered":"Albenga, all&#8217;auditorium San Carlo un incontro su agricoltura sociale e piano di sviluppo rurale"},"content":{"rendered":"<p align=\"JUSTIFY\"><strong>Albenga.<\/strong> L&#8217;agricoltura sociale entra a far parte del ricco programma di eventi collegati all&#8217;edizione 2015 di &#8220;Fior d&#8217;Albenga&#8221;. Ci\u00f2 avverr\u00e0 attraverso una serie di appuntamenti che si terranno presso l\u2019Auditorium San Carlo di Albenga. Il primo di questi \u00e8 previsto per mercoled\u00ec alle 17 e tratter\u00e0 del nuovo &#8220;Piano di Sviluppo Rurale 2014-2020&#8221;, con un occhio di riguardo per il tema dell\u2019agricoltura sociale e con un\u2019analisi diretta degli incontri che i rappresentanti delle istituzioni hanno recentemente avuto a Bruxelles.<\/p>\n<p align=\"JUSTIFY\">Sar\u00e0 l&#8217;occasione anche per far conoscere ed entrare nel merito di quali saranno le nuove procedure, i fondi strutturali e i nuovi finanziamenti per gli agricoltori e il florovivaismo. Saranno presenti, il Sindaco Giorgio Cangiano, l\u2019assessore all\u2019agricoltura Alessandro Andreis, Arcadia e, direttamente dalla Regione Liguria ad introdurre e delineare pi\u00f9 nel dettaglio le nuove direttive Psr, i relatori esperti Riccardo Iannone, Roberto Barichello, Marco Capurro.<\/p>\n<p align=\"JUSTIFY\">L\u2019agricoltura sociale \u00e8 una nuova pratica che attraverso iniziative promosse in ambito agricolo e alimentare da aziende agricole ma anche cooperative sociali, intende favorire il reinserimento terapeutico di soggetti svantaggiati nella comunit\u00e0 e\u00a0al contempo \u00a0valorizzare un territorio, recuperando terreni incolti e ponendo l\u2019accento sui prodotti tipici. Si tratta, in sintesi, di un vero e proprio strumento operativo attraverso il quale i governi regionali e locali (in maniera diretta o attraverso associazioni preposte) possono applicare le politiche del welfare in ambito territoriale, coinvolgendo una pluralit\u00e0 di soggetti giuridici, enti, aziende agricole e cittadini.<\/p>\n<p align=\"JUSTIFY\">Proprio queste motivazioni hanno spinto numerosi Comuni, insieme ad enti privati e a cooperative ad unirsi per dare vita al progetto \u201cKilometri 0\u201d finanziato dal Fondo Sociale Europeo, il cui scopo, oltre a quelli precedentemente indicati, \u00e8 quello di costituire una cooperativa agricola sociale. L&#8217;agricoltura sociale si basa pertanto sull&#8217;interazione diretta tra il mondo agricolo e quello del cosiddetto del &#8220;terzo settore&#8221; coinvolgendo insieme sia il settore privato che quello pubblico a tutti i possibili livelli territoriali. Se \u00e8 ormai universalmente condivisa l&#8217;idea che il recupero e la salvaguardia di un territorio deve coinvolgere il tessuto socio-economico della popolazione che vi risiede, l&#8217;Agricoltura sociale vuole ulteriormente sviluppare tutte le possibili forme di sinergia, coniugando impresa e lavoro con i servizi (socio-sanitari) innovativi diffusi sul territorio.<\/p>\n<p align=\"JUSTIFY\">La Liguria, sin dal 2013, \u00e8 stata protagonista di questo argomento, perch\u00e9 con la Legge 36\/2013 ha ufficializzato la volont\u00e0 di intraprendere la direzione dell\u2019Agricoltura sociale, creando una Legge tra le pi\u00f9 innovative in Italia in materia e delle Linee Guida specifiche, che consentono di apprezzare lo sforzo normativo volto in questa direzione.<\/p>\n<p align=\"JUSTIFY\">Un\u2019occasione quindi per tutti gli interessati, addetti ai lavori e non, di confrontarsi con questo importante tema che sar\u00e0 protagonista nel futuro dell\u2019agricoltura ligure.<\/p>\n","protected":false},"excerpt":{"rendered":"<p>Albenga. L&#8217;agricoltura sociale entra a far parte del ricco programma di eventi collegati all&#8217;edizione 2015 di &#8220;Fior d&#8217;Albenga&#8221;. Ci\u00f2 avverr\u00e0 attraverso una serie di appuntamenti che si terranno presso l\u2019Auditorium San Carlo di Albenga. Il primo di questi \u00e8 previsto per mercoled\u00ec alle 17 e tratter\u00e0 del nuovo &#8220;Piano di Sviluppo Rurale 2014-2020&#8221;, con un [&hellip;]<\/p>\n","protected":false},"author":12120,"featured_media":0,"comment_status":"open","ping_status":"closed","sticky":false,"template":"","format":"standard","meta":{"footnotes":""},"categories":[45296,56],"tags":[560,67041,63878,8464,67042,295],"class_list":["post-287939","post","type-post","status-publish","format-standard","hentry","category-copertina","category-altre","tag-agricoltura","tag-agricoltura-sociale","tag-auditorium-san-carlo-albenga","tag-fior-dalbenga","tag-piano-di-sviluppo-rurale","tag-regione","post_cat_citta-albenga","post_tag_personaggi-alessandro-andreis-2","post_tag_personaggi-giorgio-cangiano-2","post_tag_personaggi-marco-capurro","post_tag_personaggi-riccardo-iannone","post_tag_personaggi-roberto-barichello"],"amp_validity":null,"amp_enabled":true,"_links":{"self":[{"href":"https:\/\/staging.ivg.it\/ediapi\/wp\/v2\/posts\/287939","targetHints":{"allow":["GET"]}}],"collection":[{"href":"https:\/\/staging.ivg.it\/ediapi\/wp\/v2\/posts"}],"about":[{"href":"https:\/\/staging.ivg.it\/ediapi\/wp\/v2\/types\/post"}],"author":[{"embeddable":true,"href":"https:\/\/staging.ivg.it\/ediapi\/wp\/v2\/users\/12120"}],"replies":[{"embeddable":true,"href":"https:\/\/staging.ivg.it\/ediapi\/wp\/v2\/comments?post=287939"}],"version-history":[{"count":0,"href":"https:\/\/staging.ivg.it\/ediapi\/wp\/v2\/posts\/287939\/revisions"}],"wp:attachment":[{"href":"https:\/\/staging.ivg.it\/ediapi\/wp\/v2\/media?parent=287939"}],"wp:term":[{"taxonomy":"category","embeddable":true,"href":"https:\/\/staging.ivg.it\/ediapi\/wp\/v2\/categories?post=287939"},{"taxonomy":"post_tag","embeddable":true,"href":"https:\/\/staging.ivg.it\/ediapi\/wp\/v2\/tags?post=287939"}],"curies":[{"name":"wp","href":"https:\/\/api.w.org\/{rel}","templated":true}]}}