{"id":287917,"date":"2015-04-03T18:34:29","date_gmt":"2015-04-03T16:34:29","guid":{"rendered":"http:\/\/www.ivg.it\/?p=287917"},"modified":"2015-04-03T18:50:28","modified_gmt":"2015-04-03T16:50:28","slug":"elezioni-regionali-rixi-lega-con-toti-sara-piu-difficile-ma-niente-sconforto","status":"publish","type":"post","link":"https:\/\/staging.ivg.it\/2015\/04\/elezioni-regionali-rixi-lega-con-toti-sara-piu-difficile-ma-niente-sconforto\/","title":{"rendered":"Elezioni regionali, Rixi (Lega): &#8220;Con Toti sar\u00e0 pi\u00f9 difficile ma niente sconforto&#8221;"},"content":{"rendered":"<p><strong>Liguria.<\/strong> \u201cCon Giovanni Toti candidato del centrodestra a presidente della Regione Liguria &#8220;ora la strada sembra ben pi\u00f9&#8217; difficile ma non fatevi prendere dallo sconforto&#8221;. Queste le parole del vice segretario federale della Lega Nord ed ex candidato presidente per la Regione Edoardo Rixi negli auguri di Pasqua ai suoi &#8216;amici&#8217; su Facebook. <\/p>\n<p>&#8220;Cari amici grazie di cuore per l&#8217;affetto che mi state dimostrando. Non facciamoci scoraggiare e lottiamo contro le avversit\u00e0. Per me salvare la mia regione \u00e8 la priorit\u00e0&#8230; ora la strada sembra ben pi\u00f9 difficile ma non fatevi prendere dallo sconforto. Lo sapete anche voi, noi liguri siamo gente ostinata, a noi le cose facili non riescono proprio&#8221;.<\/p>\n","protected":false},"excerpt":{"rendered":"<p>Liguria. \u201cCon Giovanni Toti candidato del centrodestra a presidente della Regione Liguria &#8220;ora la strada sembra ben pi\u00f9&#8217; difficile ma non fatevi prendere dallo sconforto&#8221;. Queste le parole del vice segretario federale della Lega Nord ed ex candidato presidente per la Regione Edoardo Rixi negli auguri di Pasqua ai suoi &#8216;amici&#8217; su Facebook. &#8220;Cari amici [&hellip;]<\/p>\n","protected":false},"author":4,"featured_media":0,"comment_status":"open","ping_status":"closed","sticky":false,"template":"","format":"standard","meta":{"footnotes":""},"categories":[31],"tags":[10658,630],"class_list":["post-287917","post","type-post","status-publish","format-standard","hentry","category-politica","tag-elezioni-regionali","tag-lega-nord","post_cat_citta-andora","post_cat_citta-provincia","post_tag_personaggi-edoardo-rixi"],"amp_validity":null,"amp_enabled":true,"_links":{"self":[{"href":"https:\/\/staging.ivg.it\/ediapi\/wp\/v2\/posts\/287917","targetHints":{"allow":["GET"]}}],"collection":[{"href":"https:\/\/staging.ivg.it\/ediapi\/wp\/v2\/posts"}],"about":[{"href":"https:\/\/staging.ivg.it\/ediapi\/wp\/v2\/types\/post"}],"author":[{"embeddable":true,"href":"https:\/\/staging.ivg.it\/ediapi\/wp\/v2\/users\/4"}],"replies":[{"embeddable":true,"href":"https:\/\/staging.ivg.it\/ediapi\/wp\/v2\/comments?post=287917"}],"version-history":[{"count":0,"href":"https:\/\/staging.ivg.it\/ediapi\/wp\/v2\/posts\/287917\/revisions"}],"wp:attachment":[{"href":"https:\/\/staging.ivg.it\/ediapi\/wp\/v2\/media?parent=287917"}],"wp:term":[{"taxonomy":"category","embeddable":true,"href":"https:\/\/staging.ivg.it\/ediapi\/wp\/v2\/categories?post=287917"},{"taxonomy":"post_tag","embeddable":true,"href":"https:\/\/staging.ivg.it\/ediapi\/wp\/v2\/tags?post=287917"}],"curies":[{"name":"wp","href":"https:\/\/api.w.org\/{rel}","templated":true}]}}