{"id":287291,"date":"2015-03-28T15:06:02","date_gmt":"2015-03-28T14:06:02","guid":{"rendered":"http:\/\/www.ivg.it\/?p=287291"},"modified":"2015-03-28T15:06:02","modified_gmt":"2015-03-28T14:06:02","slug":"varazze-arte-sulla-passeggiata-70-artisti-espongono-le-loro-opere","status":"publish","type":"post","link":"https:\/\/staging.ivg.it\/2015\/03\/varazze-arte-sulla-passeggiata-70-artisti-espongono-le-loro-opere\/","title":{"rendered":"&#8220;Varazze Arte&#8221;: sulla passeggiata 70 artisti espongono le loro opere"},"content":{"rendered":"<p><strong>Varazze<\/strong>. Domani (domenica 29 marzo) a Varazze sulla passeggiata, a cominciare dal Molo Marinai d&#8217;Italia, dalle 9 del mattino fino al tardo pomeriggio ci sar\u00e0 Varazze Arte: circa 70 espositori tra ceramisti, pittori e scultori esporranno le proprie opere e la rassegna d&#8217;arte sar\u00e0 occasione anche di vendita. <\/p>\n<p>Varazze Arte \u00e8 stata organizzata dal Gruppo Artisti Varazzesi in collaborazione e col patrocinio del Comune di Varazze. Varazze arte \u00e8 alla sua prima edizione e continuer\u00e0 negli anni a venire sempre la prima domenica di primavera, salvo posticipi dovuti al maltempo come quest&#8217;anno.<\/p>\n<p>\u201cIl numero importante di espositori ci fa ben sperare circa il successo di pubblico che verr\u00e0 a trascorrere una giornata tra Arte e Mare\u201d commentano gli organizzatori.<\/p>\n","protected":false},"excerpt":{"rendered":"<p>Varazze. Domani (domenica 29 marzo) a Varazze sulla passeggiata, a cominciare dal Molo Marinai d&#8217;Italia, dalle 9 del mattino fino al tardo pomeriggio ci sar\u00e0 Varazze Arte: circa 70 espositori tra ceramisti, pittori e scultori esporranno le proprie opere e la rassegna d&#8217;arte sar\u00e0 occasione anche di vendita. Varazze Arte \u00e8 stata organizzata dal Gruppo [&hellip;]<\/p>\n","protected":false},"author":2394,"featured_media":0,"comment_status":"open","ping_status":"closed","sticky":false,"template":"","format":"standard","meta":{"footnotes":""},"categories":[],"tags":[64303],"class_list":["post-287291","post","type-post","status-publish","format-standard","hentry","tag-varazze-arte","post_cat_citta-varazze"],"amp_validity":null,"amp_enabled":true,"_links":{"self":[{"href":"https:\/\/staging.ivg.it\/ediapi\/wp\/v2\/posts\/287291","targetHints":{"allow":["GET"]}}],"collection":[{"href":"https:\/\/staging.ivg.it\/ediapi\/wp\/v2\/posts"}],"about":[{"href":"https:\/\/staging.ivg.it\/ediapi\/wp\/v2\/types\/post"}],"author":[{"embeddable":true,"href":"https:\/\/staging.ivg.it\/ediapi\/wp\/v2\/users\/2394"}],"replies":[{"embeddable":true,"href":"https:\/\/staging.ivg.it\/ediapi\/wp\/v2\/comments?post=287291"}],"version-history":[{"count":0,"href":"https:\/\/staging.ivg.it\/ediapi\/wp\/v2\/posts\/287291\/revisions"}],"wp:attachment":[{"href":"https:\/\/staging.ivg.it\/ediapi\/wp\/v2\/media?parent=287291"}],"wp:term":[{"taxonomy":"category","embeddable":true,"href":"https:\/\/staging.ivg.it\/ediapi\/wp\/v2\/categories?post=287291"},{"taxonomy":"post_tag","embeddable":true,"href":"https:\/\/staging.ivg.it\/ediapi\/wp\/v2\/tags?post=287291"}],"curies":[{"name":"wp","href":"https:\/\/api.w.org\/{rel}","templated":true}]}}