{"id":287168,"date":"2015-03-27T11:55:03","date_gmt":"2015-03-27T10:55:03","guid":{"rendered":"http:\/\/www.ivg.it\/?p=287168"},"modified":"2015-03-27T11:55:03","modified_gmt":"2015-03-27T10:55:03","slug":"albenga-18-nuovi-parcheggi-in-via-papa-giovanni-xxiii-iniziati-i-lavori","status":"publish","type":"post","link":"https:\/\/staging.ivg.it\/2015\/03\/albenga-18-nuovi-parcheggi-in-via-papa-giovanni-xxiii-iniziati-i-lavori\/","title":{"rendered":"Albenga, 18 nuovi parcheggi in via Papa Giovanni XXIII: iniziati i lavori"},"content":{"rendered":"<p><strong>Albenga.<\/strong> Saranno 18 i parcheggi che verranno realizzati per il comune di Albenga in un\u2019area dove in precedenza sorgeva un vecchio fabbricato. Ad annunciare l\u2019inizio dei lavori \u00e8 l\u2019assessore ai Lavori Pubblici <strong>Tullio Ghiglione<\/strong>.<\/p>\n<p>&#8220;Sono iniziati i lavori \u2013 spiega l\u2019assessore \u2013 finalizzati alla realizzazione di un nuovo parcheggio pubblico in via Delminio e Via Papa Giovanni XXIII . L\u2019area di 400 mq \u00e8 stata ceduta al Comune di Albenga da un privato, come standard a scomputo di 78.000 euro, a seguito di intervento edificatorio, \u00e8 stata destinata a parcheggio pubblico e prevede la realizzazione di 18 posti auto. Si tratta di un intervento molto utile per il centro storico, zona che vive una difficile condizione di carenza posti auto&#8221;.<\/p>\n<p>&#8220;In quella zona \u2013 aggiunge Ghiglione &#8211; esiste una criticit\u00e0 di regimazione delle acque e quando piove si formano allagamenti, ecco perch\u00e9 abbiamo richiesto e ottenuto che l\u2019impresa che realizzer\u00e0 i lavori presti una particolare attenzione alle modalit\u00e0 e al materiale con cui realizzer\u00e0 i parcheggi&#8221;.<\/p>\n<p>&#8220;La pavimentazione \u2013 conclude Tullio Ghiglione \u2013 sar\u00e0 realizzata con materiale drenante che eviti il fenomeno degli allagamenti garantendo il drenaggio delle acque piovane&#8221;.<\/p>\n","protected":false},"excerpt":{"rendered":"<p>Albenga. Saranno 18 i parcheggi che verranno realizzati per il comune di Albenga in un\u2019area dove in precedenza sorgeva un vecchio fabbricato. Ad annunciare l\u2019inizio dei lavori \u00e8 l\u2019assessore ai Lavori Pubblici Tullio Ghiglione. &#8220;Sono iniziati i lavori \u2013 spiega l\u2019assessore \u2013 finalizzati alla realizzazione di un nuovo parcheggio pubblico in via Delminio e Via [&hellip;]<\/p>\n","protected":false},"author":10593,"featured_media":0,"comment_status":"open","ping_status":"closed","sticky":false,"template":"","format":"standard","meta":{"footnotes":""},"categories":[56],"tags":[691],"class_list":["post-287168","post","type-post","status-publish","format-standard","hentry","category-altre","tag-parcheggi","post_cat_citta-albenga","post_tag_personaggi-tullio-ghiglione"],"amp_validity":null,"amp_enabled":true,"_links":{"self":[{"href":"https:\/\/staging.ivg.it\/ediapi\/wp\/v2\/posts\/287168","targetHints":{"allow":["GET"]}}],"collection":[{"href":"https:\/\/staging.ivg.it\/ediapi\/wp\/v2\/posts"}],"about":[{"href":"https:\/\/staging.ivg.it\/ediapi\/wp\/v2\/types\/post"}],"author":[{"embeddable":true,"href":"https:\/\/staging.ivg.it\/ediapi\/wp\/v2\/users\/10593"}],"replies":[{"embeddable":true,"href":"https:\/\/staging.ivg.it\/ediapi\/wp\/v2\/comments?post=287168"}],"version-history":[{"count":0,"href":"https:\/\/staging.ivg.it\/ediapi\/wp\/v2\/posts\/287168\/revisions"}],"wp:attachment":[{"href":"https:\/\/staging.ivg.it\/ediapi\/wp\/v2\/media?parent=287168"}],"wp:term":[{"taxonomy":"category","embeddable":true,"href":"https:\/\/staging.ivg.it\/ediapi\/wp\/v2\/categories?post=287168"},{"taxonomy":"post_tag","embeddable":true,"href":"https:\/\/staging.ivg.it\/ediapi\/wp\/v2\/tags?post=287168"}],"curies":[{"name":"wp","href":"https:\/\/api.w.org\/{rel}","templated":true}]}}