{"id":286861,"date":"2015-03-24T13:34:50","date_gmt":"2015-03-24T12:34:50","guid":{"rendered":"http:\/\/www.ivg.it\/?p=286861"},"modified":"2015-03-24T16:17:50","modified_gmt":"2015-03-24T15:17:50","slug":"campioni-del-calcio-sul-muretto-di-alassio-tre-giorni-dedicati-alle-stelle-dello-sport-con-i-campioni-del-mondo-82","status":"publish","type":"post","link":"https:\/\/staging.ivg.it\/2015\/03\/campioni-del-calcio-sul-muretto-di-alassio-tre-giorni-dedicati-alle-stelle-dello-sport-con-i-campioni-del-mondo-82\/","title":{"rendered":"Campioni del calcio sul Muretto di Alassio: tre giorni dedicati alle stelle dello sport con i campioni del mondo &#8217;82"},"content":{"rendered":"<p><strong>Alassio.<\/strong> Le leggende del calcio si danno appuntamento ad Alassio. Venerd\u00ec, sabato e domenica la &#8220;Citt\u00e0 del Muretto&#8221; ospiter\u00e0 \u201cCampioni del Calcio sul Muretto di Alassio\u201d, un grande evento organizzato dal Comune con la collaborazione delle attivit\u00e0 commerciali e ricettive.<\/p>\n<p>Una vera e propria parata di stelle, in cui spiccher\u00e0 la presenza degli azzurri e dei campioni del mondo di \u201cSpagna 1982\u201d, che ritornano ad Alassio, il luogo che li aveva ospitati prima della fortunata e storica spedizione ai Campionati Mondiali.<\/p>\n<p>\u201cAlassio torna passerella di personaggi che nel mondo si sono contraddistinti nelle loro discipline con il tricolore\u201d, annuncia con soddisfazione il sindaco Enzo Canepa. A rispondere all&#8217;appello Paolo Rossi, Giampiero Marini, Ivano Bordon, Alessandro \u201cSpillo\u201d Altobelli, Marco Tardelli, Mariella Scirea (moglie del compianto Gaetano, difensore della nazionale e della Juventus) e molti altri ancora.<\/p>\n<p>Saranno tre giorni di tricolore non solo calcistico, ma anche di campioni olimpionici quali i ginnasti Igor Cassina e Daniela Masseroni, ospiti gi\u00e0 dal gioved\u00ec sera in terra alassina per un incontro speciale con le scuole del comprensorio.<\/p>\n<p>La citt\u00e0 attende con ansia l&#8217;arrivo delle stelle dello sport, che si ritroveranno sabato mattina davanti al famoso Muretto, per l&#8217;evento clou dei tre giorni, con la firma di una nuova piastrella. La mattina di domenica 29, alle 10, si svolger\u00e0 invece l&#8217;incontro amichevole tra due squadre giovanili alassine, che per l&#8217;occasione indosseranno le divise di Italia e Germania, le nazionali finaliste di Spagna &#8217;82. A dare il calcio d&#8217;inizio, per l&#8217;occasione, saranno i campioni presenti.<\/p>\n<p>\u201cRingraziamo i commercianti e gli albergatori, che con grande spirito di collaborazione si sono messi immediatamente a disposizione per rendere ancor pi\u00f9 piacevole e unico questo evento, importantissimo per tutta la Citt\u00e0 \u2013 aggiunge il sindaco \u2013 Sar\u00e0 un appuntamento imperdibile per cittadini, visitatori, turisti e per tutti gli appassionati che hanno gli azzurri nel cuore\u201d.<\/p>\n","protected":false},"excerpt":{"rendered":"<p>Alassio. Le leggende del calcio si danno appuntamento ad Alassio. Venerd\u00ec, sabato e domenica la &#8220;Citt\u00e0 del Muretto&#8221; ospiter\u00e0 \u201cCampioni del Calcio sul Muretto di Alassio\u201d, un grande evento organizzato dal Comune con la collaborazione delle attivit\u00e0 commerciali e ricettive. Una vera e propria parata di stelle, in cui spiccher\u00e0 la presenza degli azzurri e [&hellip;]<\/p>\n","protected":false},"author":12120,"featured_media":0,"comment_status":"open","ping_status":"closed","sticky":false,"template":"","format":"standard","meta":{"footnotes":""},"categories":[45296,32],"tags":[65971,2976],"class_list":["post-286861","post","type-post","status-publish","format-standard","hentry","category-copertina","category-sport","tag-campioni-del-mondo-1982","tag-muretto","post_cat_citta-alassio","post_tag_personaggi-alessandro-spillo-altobelli","post_tag_personaggi-enzo-canepa-2","post_tag_personaggi-giampiero-marini","post_tag_personaggi-ivano-bordon","post_tag_personaggi-marco-tardelli","post_tag_personaggi-mariella-scirea","post_tag_personaggi-paolo-rossi"],"amp_validity":null,"amp_enabled":true,"_links":{"self":[{"href":"https:\/\/staging.ivg.it\/ediapi\/wp\/v2\/posts\/286861","targetHints":{"allow":["GET"]}}],"collection":[{"href":"https:\/\/staging.ivg.it\/ediapi\/wp\/v2\/posts"}],"about":[{"href":"https:\/\/staging.ivg.it\/ediapi\/wp\/v2\/types\/post"}],"author":[{"embeddable":true,"href":"https:\/\/staging.ivg.it\/ediapi\/wp\/v2\/users\/12120"}],"replies":[{"embeddable":true,"href":"https:\/\/staging.ivg.it\/ediapi\/wp\/v2\/comments?post=286861"}],"version-history":[{"count":0,"href":"https:\/\/staging.ivg.it\/ediapi\/wp\/v2\/posts\/286861\/revisions"}],"wp:attachment":[{"href":"https:\/\/staging.ivg.it\/ediapi\/wp\/v2\/media?parent=286861"}],"wp:term":[{"taxonomy":"category","embeddable":true,"href":"https:\/\/staging.ivg.it\/ediapi\/wp\/v2\/categories?post=286861"},{"taxonomy":"post_tag","embeddable":true,"href":"https:\/\/staging.ivg.it\/ediapi\/wp\/v2\/tags?post=286861"}],"curies":[{"name":"wp","href":"https:\/\/api.w.org\/{rel}","templated":true}]}}