{"id":286794,"date":"2015-03-23T18:54:43","date_gmt":"2015-03-23T17:54:43","guid":{"rendered":"http:\/\/www.ivg.it\/?p=286794"},"modified":"2015-03-24T17:39:51","modified_gmt":"2015-03-24T16:39:51","slug":"albenga-larrivo-di-monsignor-borghetti-prima-notte-in-seminario-mercoledi-linsediamento","status":"publish","type":"post","link":"https:\/\/staging.ivg.it\/2015\/03\/albenga-larrivo-di-monsignor-borghetti-prima-notte-in-seminario-mercoledi-linsediamento\/","title":{"rendered":"Albenga, l&#8217;arrivo di Monsignor Borghetti: prima notte in seminario, mercoled\u00ec l&#8217;insediamento"},"content":{"rendered":"<p><strong>Albenga.<\/strong> <strong>Prima notte in seminario per monsignor Guglielmo Borghetti<\/strong> che dal 10 gennaio scorso \u00e9 stato scelto dal Santo Padre come vescovo coadiutore della Diocesi di Albenga-Imperia, nella quale inizier\u00e0 il suo servizio da dopodomani. Proprio <strong>mercoled\u00ec mattina alle 10.30 celebrer\u00e0 la sua prima messa<\/strong>. Poco prima \u00e9 previsto un <strong>incontro tra Borghetti, monsignor Mario Oliveri ed il Collegio dei Consultori, per la presentazione del &#8220;Bolla Papale&#8221;<\/strong> che contiene le indicazioni del suo mandato.<\/p>\n<p>Il presule \u00e9 arrivato nel tardo pomeriggio di oggi dalla Toscana. <strong>La sua dimora\u00a0sar\u00e0\u00a0poi un appartamento di via Enrico D&#8217;Aste<\/strong>. Rester\u00e1 comunque legato alla sua Diocesi. Il Papa lo ha nominato <strong>amministratore apostolico<\/strong>. Il tempo di \u201cvacanza\u201d del vescovo in una Diocesi, cos\u00ec viene chiamata l\u2019assenza, \u00e8 regolato dai canoni del Codice di Diritto Canonico, che prevedono appunto che possa essere nominato o un vescovo come \u201cAmministratore Apostolico\u201d o un sacerdote diocesano come \u201cAmministratore diocesano\u201d che garantisca il basilare esercizio della vita diocesana. <\/p>\n<p>Nato ad Avenza di Carrara, diocesi di Massa Carrara &#8211; Pontremoli, il 25 marzo 1954, ordinato presbitero il 17 ottobre 1982, mons. <strong>Borghetti \u00e8 stato eletto vescovo di Pitigliano &#8211; Sovana &#8211; Orbetello il 25 giugno 2010 e ordinato il 15 settembre 2010<\/strong>. Tra i suoi incarichi quello di vicerettore del Seminario Maggiore &#8216;SS. Ambrogio e Carlo&#8217;, dove ha cominciato anche la sua attivit\u00e0 di docente di Filosofia Teoretica e Psicologia nello Studio Teologico interno.<\/p>\n<p>E&#8217; stato anche <strong>direttore del Centro Diocesano Vocazioni, Responsabile per la formazione dei preti giovani, Direttore del Centro Diocesano di Animazione Culturale e Notaio del Tribunale Ecclesiastico Diocesano<\/strong>. Nel 2002 ha fondato, con il sostegno e l&#8217;autorizzazione dei vescovi dello Studio Teologico di Camaiore, l&#8217;Istituto Studi e Ricerche di Pastoral Counseling. L&#8217;Istituto, oltre che fornire il servizio di consulenza a sacerdoti, religiose\/i , seminaristi e novizie\/i, possiede anche una Scuola triennale di formazione in Pastoral Counseling per operatori pastorali con sede legale ed operativa a Camaiore (LU). Presso questo Istituto ha svolto una intensa attivit\u00e0 di consulente per la vita sacerdotale e consacrata.<\/p>\n<p>Dal 25 giugno 2010 era vescovo di Pitigliano-Sovana-Orbetello. Ha ricevuto la consacrazione episcopale il 15 settembre nella Basilica Cattedrale di Massa per l&#8217;imposizione delle mani del predecessore S.E. Mons. Mario Meini, ora vescovo di Fiesole, co-consacranti i vescovi S.E. Mons. Eugenio Binini e S.E. Mons. Giovanni Santucci.<\/p>\n","protected":false},"excerpt":{"rendered":"<p>Albenga. Prima notte in seminario per monsignor Guglielmo Borghetti che dal 10 gennaio scorso \u00e9 stato scelto dal Santo Padre come vescovo coadiutore della Diocesi di Albenga-Imperia, nella quale inizier\u00e0 il suo servizio da dopodomani. Proprio mercoled\u00ec mattina alle 10.30 celebrer\u00e0 la sua prima messa. Poco prima \u00e9 previsto un incontro tra Borghetti, monsignor Mario [&hellip;]<\/p>\n","protected":false},"author":4,"featured_media":0,"comment_status":"open","ping_status":"closed","sticky":false,"template":"","format":"standard","meta":{"footnotes":""},"categories":[45296],"tags":[38475],"class_list":["post-286794","post","type-post","status-publish","format-standard","hentry","category-copertina","tag-diocesi-albenga","post_cat_citta-albenga","post_cat_citta-imperia","post_tag_personaggi-guglielmo-borghetti"],"amp_validity":null,"amp_enabled":true,"_links":{"self":[{"href":"https:\/\/staging.ivg.it\/ediapi\/wp\/v2\/posts\/286794","targetHints":{"allow":["GET"]}}],"collection":[{"href":"https:\/\/staging.ivg.it\/ediapi\/wp\/v2\/posts"}],"about":[{"href":"https:\/\/staging.ivg.it\/ediapi\/wp\/v2\/types\/post"}],"author":[{"embeddable":true,"href":"https:\/\/staging.ivg.it\/ediapi\/wp\/v2\/users\/4"}],"replies":[{"embeddable":true,"href":"https:\/\/staging.ivg.it\/ediapi\/wp\/v2\/comments?post=286794"}],"version-history":[{"count":0,"href":"https:\/\/staging.ivg.it\/ediapi\/wp\/v2\/posts\/286794\/revisions"}],"wp:attachment":[{"href":"https:\/\/staging.ivg.it\/ediapi\/wp\/v2\/media?parent=286794"}],"wp:term":[{"taxonomy":"category","embeddable":true,"href":"https:\/\/staging.ivg.it\/ediapi\/wp\/v2\/categories?post=286794"},{"taxonomy":"post_tag","embeddable":true,"href":"https:\/\/staging.ivg.it\/ediapi\/wp\/v2\/tags?post=286794"}],"curies":[{"name":"wp","href":"https:\/\/api.w.org\/{rel}","templated":true}]}}