{"id":286380,"date":"2015-03-19T10:12:44","date_gmt":"2015-03-19T09:12:44","guid":{"rendered":"http:\/\/www.ivg.it\/?p=286380"},"modified":"2015-03-19T11:53:19","modified_gmt":"2015-03-19T10:53:19","slug":"toirano-inaugurato-il-nuovo-centro-commerciale","status":"publish","type":"post","link":"https:\/\/staging.ivg.it\/2015\/03\/toirano-inaugurato-il-nuovo-centro-commerciale\/","title":{"rendered":"Toirano, inaugurato il nuovo centro commerciale"},"content":{"rendered":"<p><strong>Toirano<\/strong>. Festa a Toirano per l\u2019apertura del nuovo centro commerciale. Come da programma, questa mattina alle 9,30 si sono aperte per la prima volta le porte scorrevoli del supermercato Conad.<\/p>\n<p>Da oggi quindi il nuovo polo commerciale di localit\u00e0 Canepari, nato a due passi dalla rotatoria che conduce al casello autostradale di Borghetto, sar\u00e0 ufficialmente operativo. Nei prossimi mesi anche tutti gli altri negozi ed attivit\u00e0 \u201ctireranno su la saracinesca\u201d. L&#8217;apertura della seconda ala del centro dovrebbe avvenire dopo l&#8217;estate.<\/p>\n<p>Da due mesi era invece gi\u00e0 operativa nel centro la Rb Clima &#8220;Casa del condizionatore Daikin&#8221;, specializzata in impianti di climatizzazione.<\/p>\n<p>Soddisfatto il primo cittadino Gianfranca Lionetti, che ha portato a termine l\u2019iter burocratico iniziato dalla precedente amministrazione di Silvano Tab\u00f2: \u201cRinnovare il tessuto commerciale in un momento di crisi come questo \u00e8 un segnale importante. E&#8217; stato un percorso molto lungo iniziato nel 2011 ed \u00e8 toccato a noi portarlo a termine. Abbiamo lavorato alacremente soprattutto negli ultimi mesi per fare in modo che fosse conciliato l&#8217;interesse pubblico con quello privato. Il Comune ha preteso di veder realizzato almeno in parte le opere che il soggetto attuatore si era impegnato a realizzare ed oggi il centro commerciale \u00e8 una realt\u00e0\u201d. <\/p>\n<p>&#8220;Sicuramente a settembre si insidieranno altre strutture di vendita non alimentari e la ricaduta sull&#8217;occupazione credo sia un segnale positivo per la nostra economia. Sono gi\u00e0 stati assunti tanti giovani e questo \u00e8 un faro di luce&#8221; conclude il sindaco.<\/p>\n","protected":false},"excerpt":{"rendered":"<p>Il sindaco soddisfatto: &#8220;Concluso iter molto lungo che avr\u00e0 ricadute positive per l&#8217;occupazione&#8221;<\/p>\n","protected":false},"author":2394,"featured_media":0,"comment_status":"open","ping_status":"closed","sticky":false,"template":"","format":"standard","meta":{"footnotes":""},"categories":[45296,35],"tags":[3442],"class_list":["post-286380","post","type-post","status-publish","format-standard","hentry","category-copertina","category-economia","tag-centro-commerciale","post_cat_citta-toirano"],"amp_validity":null,"amp_enabled":true,"_links":{"self":[{"href":"https:\/\/staging.ivg.it\/ediapi\/wp\/v2\/posts\/286380","targetHints":{"allow":["GET"]}}],"collection":[{"href":"https:\/\/staging.ivg.it\/ediapi\/wp\/v2\/posts"}],"about":[{"href":"https:\/\/staging.ivg.it\/ediapi\/wp\/v2\/types\/post"}],"author":[{"embeddable":true,"href":"https:\/\/staging.ivg.it\/ediapi\/wp\/v2\/users\/2394"}],"replies":[{"embeddable":true,"href":"https:\/\/staging.ivg.it\/ediapi\/wp\/v2\/comments?post=286380"}],"version-history":[{"count":0,"href":"https:\/\/staging.ivg.it\/ediapi\/wp\/v2\/posts\/286380\/revisions"}],"wp:attachment":[{"href":"https:\/\/staging.ivg.it\/ediapi\/wp\/v2\/media?parent=286380"}],"wp:term":[{"taxonomy":"category","embeddable":true,"href":"https:\/\/staging.ivg.it\/ediapi\/wp\/v2\/categories?post=286380"},{"taxonomy":"post_tag","embeddable":true,"href":"https:\/\/staging.ivg.it\/ediapi\/wp\/v2\/tags?post=286380"}],"curies":[{"name":"wp","href":"https:\/\/api.w.org\/{rel}","templated":true}]}}