{"id":286124,"date":"2015-03-16T15:26:44","date_gmt":"2015-03-16T14:26:44","guid":{"rendered":"http:\/\/www.ivg.it\/?p=286124"},"modified":"2015-03-16T15:55:46","modified_gmt":"2015-03-16T14:55:46","slug":"a-pasqua-la-riapertura-totale-dellaurelia-tra-spotorno-e-noli-al-via-la-demolizione-della-villa","status":"publish","type":"post","link":"https:\/\/staging.ivg.it\/2015\/03\/a-pasqua-la-riapertura-totale-dellaurelia-tra-spotorno-e-noli-al-via-la-demolizione-della-villa\/","title":{"rendered":"A Pasqua la riapertura totale dell&#8217;Aurelia tra Spotorno e Noli: al via la demolizione della villa"},"content":{"rendered":"<p><strong>Noli.<\/strong> Per Pasqua l&#8217;Aurelia tra Spotorno e Noli sar\u00e0 riaperta in entrambi i sensi di marcia. <strong>Mercoled\u00ec,<\/strong> infatti, <strong>prenderanno il via le operazioni per la demolizione della villa che si trova su un&#8217;altura che sovrasta la provinciale e che da un anno &#8220;minaccia&#8221; di crollare<\/strong>.<\/p>\n<p>&#8220;Se non ci saranno sorprese e il meteo ci dar\u00e0 una mano \u2013 <strong>spiega meglio il sindaco di Noli Giuseppe Niccol<\/strong>i \u2013 mercoled\u00ec prederanno il via le operazioni e <strong>per il gioved\u00ec di Pasqua la strada sar\u00e0 completamente riaperta<\/strong>&#8220;.<\/p>\n<p>I lavori comporteranno la chiusura della strada per parte della giornata: &#8220;<strong>Con Anas abbiamo disposto la chiusura dell&#8217;Aurelia soltanto per il tempo necessario a portare alla demolizione<\/strong>. Cercheremo di dare agli utenti il minimo disagio possibile. <strong>La chiusura non sar\u00e0 per tutta la giornata<\/strong>, ma soltanto per il tempo necessario a rimuovere i materiali&#8221;.<\/p>\n<p>Un&#8217;operazione che consente di tirare un sospiro di sollievo: &#8220;<strong>Finalmente riusciamo a portare a termine questo intervento<\/strong> \u2013 dice soddisfatto Niccoli \u2013 In questo modo per Pasqua non avremo pi\u00f9 questa &#8216;ansia&#8217; n\u00e9 i problemi alla viabilit\u00e0 con i quali abbiamo dovuto convivere in questo periodo. Anche per questo ringrazio Anas per la collaborazione e l&#8217;aiuto&#8221;.<\/p>\n","protected":false},"excerpt":{"rendered":"<p>Noli. Per Pasqua l&#8217;Aurelia tra Spotorno e Noli sar\u00e0 riaperta in entrambi i sensi di marcia. Mercoled\u00ec, infatti, prenderanno il via le operazioni per la demolizione della villa che si trova su un&#8217;altura che sovrasta la provinciale e che da un anno &#8220;minaccia&#8221; di crollare. &#8220;Se non ci saranno sorprese e il meteo ci dar\u00e0 [&hellip;]<\/p>\n","protected":false},"author":12120,"featured_media":0,"comment_status":"open","ping_status":"closed","sticky":false,"template":"","format":"standard","meta":{"footnotes":""},"categories":[56],"tags":[5426,1852,3847,3894],"class_list":["post-286124","post","type-post","status-publish","format-standard","hentry","category-altre","tag-anas","tag-demolizione","tag-via-aurelia","tag-villa","post_cat_citta-noli","post_cat_citta-spotorno","post_tag_personaggi-giuseppe-niccoli"],"amp_validity":null,"amp_enabled":true,"_links":{"self":[{"href":"https:\/\/staging.ivg.it\/ediapi\/wp\/v2\/posts\/286124","targetHints":{"allow":["GET"]}}],"collection":[{"href":"https:\/\/staging.ivg.it\/ediapi\/wp\/v2\/posts"}],"about":[{"href":"https:\/\/staging.ivg.it\/ediapi\/wp\/v2\/types\/post"}],"author":[{"embeddable":true,"href":"https:\/\/staging.ivg.it\/ediapi\/wp\/v2\/users\/12120"}],"replies":[{"embeddable":true,"href":"https:\/\/staging.ivg.it\/ediapi\/wp\/v2\/comments?post=286124"}],"version-history":[{"count":0,"href":"https:\/\/staging.ivg.it\/ediapi\/wp\/v2\/posts\/286124\/revisions"}],"wp:attachment":[{"href":"https:\/\/staging.ivg.it\/ediapi\/wp\/v2\/media?parent=286124"}],"wp:term":[{"taxonomy":"category","embeddable":true,"href":"https:\/\/staging.ivg.it\/ediapi\/wp\/v2\/categories?post=286124"},{"taxonomy":"post_tag","embeddable":true,"href":"https:\/\/staging.ivg.it\/ediapi\/wp\/v2\/tags?post=286124"}],"curies":[{"name":"wp","href":"https:\/\/api.w.org\/{rel}","templated":true}]}}