{"id":285833,"date":"2015-03-12T19:17:31","date_gmt":"2015-03-12T18:17:31","guid":{"rendered":"http:\/\/www.ivg.it\/?p=285833"},"modified":"2015-03-12T19:17:31","modified_gmt":"2015-03-12T18:17:31","slug":"pediatria-santa-corona-anche-il-meetup-di-andora-contribuira-alla-raccolta-firme","status":"publish","type":"post","link":"https:\/\/staging.ivg.it\/2015\/03\/pediatria-santa-corona-anche-il-meetup-di-andora-contribuira-alla-raccolta-firme\/","title":{"rendered":"Pediatria Santa Corona, anche il meetup di Andora contribuir\u00e0 alla raccolta firme"},"content":{"rendered":"<p><strong>Andora.<\/strong> Anche il meetup &#8220;Andora in Movimento&#8221; appoggia la petizione popolare per evitare la chiusura del reparto pediatrico dell&#8217;ospedale Santa Corona di Pietra Ligure.<\/p>\n<p>&#8220;Per questa importantissima causa \u2013 spiegano i membri del gruppo \u2013 raccoglieremo le firme al nostro gazebo sabato dalle 15 alle 18 in piazza Roma ad Andora. Proseguiranno i banchetti anche i luned\u00ec mattina in piazza del mercato e sempre i sabato pomeriggio in piazza Roma&#8221;.<\/p>\n<p>Ma le iniziative non finiscono qui: &#8220;Oltre alla petizione faremo campagna informativa per la raccolta firme che si sta svolgendo in tutta Italia per le battaglie portate avanti dal Movimento 5 Stelle, cio\u00e8 &#8216;fuori dall&#8217;euro&#8217; e &#8216;acqua pubblica&#8217;. Chi vorr\u00e0 firmare potr\u00e0 farlo presso il comune di Andora all&#8217;ufficio elettorale&#8221;.<\/p>\n<p>In caso di pioggia i banchetti verranno rinviati.<\/p>\n","protected":false},"excerpt":{"rendered":"<p>Andora. Anche il meetup &#8220;Andora in Movimento&#8221; appoggia la petizione popolare per evitare la chiusura del reparto pediatrico dell&#8217;ospedale Santa Corona di Pietra Ligure. &#8220;Per questa importantissima causa \u2013 spiegano i membri del gruppo \u2013 raccoglieremo le firme al nostro gazebo sabato dalle 15 alle 18 in piazza Roma ad Andora. Proseguiranno i banchetti anche [&hellip;]<\/p>\n","protected":false},"author":12120,"featured_media":0,"comment_status":"open","ping_status":"closed","sticky":false,"template":"","format":"standard","meta":{"footnotes":""},"categories":[56],"tags":[9585,64906,63154,2387],"class_list":["post-285833","post","type-post","status-publish","format-standard","hentry","category-altre","tag-acqua-pubblica","tag-meet-up-andora","tag-pediatria-santa-corona","tag-petizione","post_cat_citta-andora"],"amp_validity":null,"amp_enabled":true,"_links":{"self":[{"href":"https:\/\/staging.ivg.it\/ediapi\/wp\/v2\/posts\/285833","targetHints":{"allow":["GET"]}}],"collection":[{"href":"https:\/\/staging.ivg.it\/ediapi\/wp\/v2\/posts"}],"about":[{"href":"https:\/\/staging.ivg.it\/ediapi\/wp\/v2\/types\/post"}],"author":[{"embeddable":true,"href":"https:\/\/staging.ivg.it\/ediapi\/wp\/v2\/users\/12120"}],"replies":[{"embeddable":true,"href":"https:\/\/staging.ivg.it\/ediapi\/wp\/v2\/comments?post=285833"}],"version-history":[{"count":0,"href":"https:\/\/staging.ivg.it\/ediapi\/wp\/v2\/posts\/285833\/revisions"}],"wp:attachment":[{"href":"https:\/\/staging.ivg.it\/ediapi\/wp\/v2\/media?parent=285833"}],"wp:term":[{"taxonomy":"category","embeddable":true,"href":"https:\/\/staging.ivg.it\/ediapi\/wp\/v2\/categories?post=285833"},{"taxonomy":"post_tag","embeddable":true,"href":"https:\/\/staging.ivg.it\/ediapi\/wp\/v2\/tags?post=285833"}],"curies":[{"name":"wp","href":"https:\/\/api.w.org\/{rel}","templated":true}]}}