{"id":285469,"date":"2015-03-09T10:20:28","date_gmt":"2015-03-09T09:20:28","guid":{"rendered":"http:\/\/www.ivg.it\/?p=285469"},"modified":"2015-03-09T10:20:28","modified_gmt":"2015-03-09T09:20:28","slug":"bolkestein-incontro-di-donnedamare-provincia-ma-ce-lo-chiede-davvero-leuropa","status":"publish","type":"post","link":"https:\/\/staging.ivg.it\/2015\/03\/bolkestein-incontro-di-donnedamare-provincia-ma-ce-lo-chiede-davvero-leuropa\/","title":{"rendered":"Bolkestein, incontro di Donnedamare in Provincia: &#8220;Ma ce lo chiede davvero l&#8217;Europa?&#8221;"},"content":{"rendered":"<p><strong>Savona.<\/strong> Dopo le ultime notizie circa l&#8217;inevitabilit\u00e0 delle aste, i balneari, sabato 14 marzo, si riuniscono a Savona per parlare dei Trattati Europei e della loro incostituzionalit\u00e0. &#8220;Da tempo viene detto che anche se si ottenesse la giusta applicazione della Bolkestein ci sarebbe sempre il Trattato &#8211; ricordano da Donnedamare &#8211; e in particolare i principi di libert\u00e0 di stabilimento (art. 49 TFUE ex articolo 43 del TCE), libert\u00e0 di prestazione dei servizi (art. 56 TFUE ex articolo 49 del TCE), parit\u00e0 di trattamento e divieto di discriminazione in base alla nazionalit\u00e0 (artt. 49 e 56 TFUE), trasparenza e non discriminazione (art. 106 TFUE ex articolo 86 del TCE).\u00a0Senza per\u00f2 tenere conto che\u00a0i Trattati sono subordinati ai diritti inviolabili dell&#8217;uomo ed ai principi fondamentali della nostra carta, come stabilito dalla\u00a0\u00a0Corte Costituzionale,\u00a0\u00a0con sentenza 238\/14&#8221;.<\/p>\n<p>&#8220;Non\u00a0vi \u00e8 dubbio, infatti, che i Trattati debbano essere compatibili con la Costituzione &#8211; insistono dall&#8217;associazione &#8211; e dunque con gli artt. da 1 a 12 e con quelle stesse norme che sono diretta esplicazione degli stessi principi fondamentali dell&#8217;ordinamento, che costituiscono i cardini della stessa forma Repubblicana dello Stato, principi che non \u00e8 neppure possibile sottoporre a revisione costituzionale&#8221;. All&#8217;incontro parteciperanno\u00a0l&#8217;avvocato Mori, Matteo Camiciottoli, Edoardo Rixi e Angelo Vaccarezza.<\/p>\n","protected":false},"excerpt":{"rendered":"<p>Savona. Dopo le ultime notizie circa l&#8217;inevitabilit\u00e0 delle aste, i balneari, sabato 14 marzo, si riuniscono a Savona per parlare dei Trattati Europei e della loro incostituzionalit\u00e0. &#8220;Da tempo viene detto che anche se si ottenesse la giusta applicazione della Bolkestein ci sarebbe sempre il Trattato &#8211; ricordano da Donnedamare &#8211; e in particolare i [&hellip;]<\/p>\n","protected":false},"author":10593,"featured_media":0,"comment_status":"open","ping_status":"closed","sticky":false,"template":"","format":"standard","meta":{"footnotes":""},"categories":[35],"tags":[36263,46301],"class_list":["post-285469","post","type-post","status-publish","format-standard","hentry","category-economia","tag-bolkestein","tag-donnedamare","post_cat_citta-savona"],"amp_validity":null,"amp_enabled":true,"_links":{"self":[{"href":"https:\/\/staging.ivg.it\/ediapi\/wp\/v2\/posts\/285469","targetHints":{"allow":["GET"]}}],"collection":[{"href":"https:\/\/staging.ivg.it\/ediapi\/wp\/v2\/posts"}],"about":[{"href":"https:\/\/staging.ivg.it\/ediapi\/wp\/v2\/types\/post"}],"author":[{"embeddable":true,"href":"https:\/\/staging.ivg.it\/ediapi\/wp\/v2\/users\/10593"}],"replies":[{"embeddable":true,"href":"https:\/\/staging.ivg.it\/ediapi\/wp\/v2\/comments?post=285469"}],"version-history":[{"count":0,"href":"https:\/\/staging.ivg.it\/ediapi\/wp\/v2\/posts\/285469\/revisions"}],"wp:attachment":[{"href":"https:\/\/staging.ivg.it\/ediapi\/wp\/v2\/media?parent=285469"}],"wp:term":[{"taxonomy":"category","embeddable":true,"href":"https:\/\/staging.ivg.it\/ediapi\/wp\/v2\/categories?post=285469"},{"taxonomy":"post_tag","embeddable":true,"href":"https:\/\/staging.ivg.it\/ediapi\/wp\/v2\/tags?post=285469"}],"curies":[{"name":"wp","href":"https:\/\/api.w.org\/{rel}","templated":true}]}}