{"id":284598,"date":"2015-02-26T19:39:35","date_gmt":"2015-02-26T18:39:35","guid":{"rendered":"http:\/\/www.ivg.it\/?p=284598"},"modified":"2015-02-26T19:39:35","modified_gmt":"2015-02-26T18:39:35","slug":"toirano-quasi-concluso-liter-per-il-nuovo-centro-commerciale-apertura-il-20-marzo","status":"publish","type":"post","link":"https:\/\/staging.ivg.it\/2015\/02\/toirano-quasi-concluso-liter-per-il-nuovo-centro-commerciale-apertura-il-20-marzo\/","title":{"rendered":"Toirano, quasi concluso l&#8217;iter per il nuovo centro commerciale: apertura il 20 marzo"},"content":{"rendered":"<p align=\"JUSTIFY\"><b>Toirano.<\/b> Ancora un passaggio burocratico e qualche permesso e finalmente sar\u00e0 apertura (anche se solo parziale). Il 10 marzo il palazzo civico di via Braida a Toirano ospiter\u00e0 una conferenza dei servizi deliberante della stazione unica appaltante della Regione.<\/p>\n<p align=\"JUSTIFY\">Se il tavolo si concluder\u00e0 in maniera positiva, potranno essere finalmente rilasciate le autorizzazioni necessarie a dare il tanto sospirato via libera all&#8217;apertura del nuovo centro commerciale di localit\u00e0 Canepari, all&#8217;incirca all&#8217;altezza della rotatoria che conduce al casello di Borghetto.<\/p>\n<p align=\"JUSTIFY\">Se tutto andr\u00e0 come previsto e non ci saranno intoppi burocratici, l&#8217;apertura \u00e8 prevista per il 19 o il 20 marzo. Ad aprire i battenti sar\u00e0 inizialmente solo il grande supermercato Conad, ma in seguito anche tutti gli altri esercizi &#8220;tireranno su la saracinesca&#8221;.<\/p>\n<p align=\"JUSTIFY\">Soddisfatto il primo cittadino Gianfranca Lionetti, che ha portato a termine l&#8217;iter burocratico iniziato dalla precedente amministrazione di Silvano Tab\u00f2: &#8220;Si conclude un iter che andava avanti da anni. Speriamo che la nuova apertura abbia le ricadute positive che tutti auspichiamo, specialmente dal punto di vista occupazionale&#8221;.<\/p>\n<p align=\"JUSTIFY\">Di sicuro, la nuova apertura ha avuto ricadute positive per quel che riguarda la cittadina toiranese: il privato che ha portato avanti l&#8217;operazione urbanistica ed economica, infatti, ha dovuto corrispondere al Comune centinaia di migliaia di euro di oneri di urbanizzazione che sono stati utilizzati, tra gli altri, per la sistemazione delle scuole del paese e la realizzazione di una nuova strada di collegamento con via Maccagne.<\/p>\n","protected":false},"excerpt":{"rendered":"<p>Toirano. Ancora un passaggio burocratico e qualche permesso e finalmente sar\u00e0 apertura (anche se solo parziale). Il 10 marzo il palazzo civico di via Braida a Toirano ospiter\u00e0 una conferenza dei servizi deliberante della stazione unica appaltante della Regione. Se il tavolo si concluder\u00e0 in maniera positiva, potranno essere finalmente rilasciate le autorizzazioni necessarie a [&hellip;]<\/p>\n","protected":false},"author":12120,"featured_media":0,"comment_status":"open","ping_status":"closed","sticky":false,"template":"","format":"standard","meta":{"footnotes":""},"categories":[45296,35],"tags":[3442,63490],"class_list":["post-284598","post","type-post","status-publish","format-standard","hentry","category-copertina","category-economia","tag-centro-commerciale","tag-localita-canepari-toirano","post_cat_citta-toirano","post_tag_personaggi-gianfranca-lionetti","post_tag_personaggi-silvano-tabo"],"amp_validity":null,"amp_enabled":true,"_links":{"self":[{"href":"https:\/\/staging.ivg.it\/ediapi\/wp\/v2\/posts\/284598","targetHints":{"allow":["GET"]}}],"collection":[{"href":"https:\/\/staging.ivg.it\/ediapi\/wp\/v2\/posts"}],"about":[{"href":"https:\/\/staging.ivg.it\/ediapi\/wp\/v2\/types\/post"}],"author":[{"embeddable":true,"href":"https:\/\/staging.ivg.it\/ediapi\/wp\/v2\/users\/12120"}],"replies":[{"embeddable":true,"href":"https:\/\/staging.ivg.it\/ediapi\/wp\/v2\/comments?post=284598"}],"version-history":[{"count":0,"href":"https:\/\/staging.ivg.it\/ediapi\/wp\/v2\/posts\/284598\/revisions"}],"wp:attachment":[{"href":"https:\/\/staging.ivg.it\/ediapi\/wp\/v2\/media?parent=284598"}],"wp:term":[{"taxonomy":"category","embeddable":true,"href":"https:\/\/staging.ivg.it\/ediapi\/wp\/v2\/categories?post=284598"},{"taxonomy":"post_tag","embeddable":true,"href":"https:\/\/staging.ivg.it\/ediapi\/wp\/v2\/tags?post=284598"}],"curies":[{"name":"wp","href":"https:\/\/api.w.org\/{rel}","templated":true}]}}