{"id":283616,"date":"2015-02-15T18:51:27","date_gmt":"2015-02-15T17:51:27","guid":{"rendered":"http:\/\/www.ivg.it\/?p=283616"},"modified":"2015-02-15T20:38:23","modified_gmt":"2015-02-15T19:38:23","slug":"continua-il-viaggio-di-flavio-dalessio-trekking-4-mila-metri-con-il-finalese-giovanni-raso","status":"publish","type":"post","link":"https:\/\/staging.ivg.it\/2015\/02\/continua-il-viaggio-di-flavio-dalessio-trekking-4-mila-metri-con-il-finalese-giovanni-raso\/","title":{"rendered":"Continua il viaggio di Flavio D&#8217;Alessio: trekking a 4 mila metri con il finalese Giovanni Raso"},"content":{"rendered":"<p><strong>Finale Ligure.<\/strong> Domani partir\u00e0 per il suo primo trekking sopra i 4 mila metri e per l&#8217;occasione avr\u00e0 un compagno di viaggio conosciuto a Kathmandu ma pure lui savonese.<\/p>\n<p>Continua il viaggio di Flavio D&#8217;Alessio, 27enne di Vado dipendente in mobilit\u00e0 dalla centrale Tirreno Power che qualche settimana fa ha deciso di mollare tutto e fare il giro del mondo.<\/p>\n<p>La sua prossima tappa sar\u00e0 una &#8220;passeggiata&#8221; in alta montagna insieme a Giovanni Raso, volontario di &#8220;Finale For Nepal&#8221; e cantante del gruppo Z-Town. Flavio spera di allargare i suoi orizzonti: &#8220;Chiss\u00e0 che riesca a farmi imparare qualcosa sulla musica, essendo totalmente negato ma al contempo affascinato&#8221;.<\/p>\n<p>Sino al 31 ottobre Flavio lavorava alla centrale termoelettrica vadese. Quando il sito ha sospeso l&#8217;attivit\u00e0, lui ha deciso di dedicarsi alle sue passioni: &#8220;Ho accettato la mobilit\u00e0 volontaria &#8211; racconta &#8211; Ma non ho perso l&#8217;entusiasmo di sempre e a gennaio partir\u00f2 per realizzare il mio sogno: il giro del mondo in solitaria&#8221;.<\/p>\n<p>Flavio spiega nei dettagli la sua avventura: &#8220;Partenza dal Nepal il 15 gennaio, ma non ho un itinerario preciso, mi lascer\u00f2 guidare dagli eventi, ho aperto un blog per raccontare ed aggiornare sul mio cammino che sar\u00e0 aggiornato passo passo con foto, video e un diario ricco di commenti&#8221;.<\/p>\n","protected":false},"excerpt":{"rendered":"<p>Ex dipendente della Tirreno Power ha deciso di cambiare &#8220;aria&#8221; con un viaggio molto particolare<\/p>\n","protected":false},"author":12120,"featured_media":0,"comment_status":"open","ping_status":"closed","sticky":false,"template":"","format":"standard","meta":{"footnotes":""},"categories":[45296,56],"tags":[27122,62244,62243,3931,5153],"class_list":["post-283616","post","type-post","status-publish","format-standard","hentry","category-copertina","category-altre","tag-finale-for-nepal","tag-mobilita-volontaria","tag-nepal","tag-tirreno-power","tag-viaggio","post_cat_citta-finale-ligure","post_cat_citta-vado-ligure","post_tag_personaggi-flavio-dalessio","post_tag_personaggi-giovanni-raso"],"amp_validity":null,"amp_enabled":true,"_links":{"self":[{"href":"https:\/\/staging.ivg.it\/ediapi\/wp\/v2\/posts\/283616","targetHints":{"allow":["GET"]}}],"collection":[{"href":"https:\/\/staging.ivg.it\/ediapi\/wp\/v2\/posts"}],"about":[{"href":"https:\/\/staging.ivg.it\/ediapi\/wp\/v2\/types\/post"}],"author":[{"embeddable":true,"href":"https:\/\/staging.ivg.it\/ediapi\/wp\/v2\/users\/12120"}],"replies":[{"embeddable":true,"href":"https:\/\/staging.ivg.it\/ediapi\/wp\/v2\/comments?post=283616"}],"version-history":[{"count":0,"href":"https:\/\/staging.ivg.it\/ediapi\/wp\/v2\/posts\/283616\/revisions"}],"wp:attachment":[{"href":"https:\/\/staging.ivg.it\/ediapi\/wp\/v2\/media?parent=283616"}],"wp:term":[{"taxonomy":"category","embeddable":true,"href":"https:\/\/staging.ivg.it\/ediapi\/wp\/v2\/categories?post=283616"},{"taxonomy":"post_tag","embeddable":true,"href":"https:\/\/staging.ivg.it\/ediapi\/wp\/v2\/tags?post=283616"}],"curies":[{"name":"wp","href":"https:\/\/api.w.org\/{rel}","templated":true}]}}