{"id":283549,"date":"2015-02-14T11:12:31","date_gmt":"2015-02-14T10:12:31","guid":{"rendered":"http:\/\/www.ivg.it\/?p=283549"},"modified":"2015-02-15T14:20:36","modified_gmt":"2015-02-15T13:20:36","slug":"emergenza-sangue-carenza-di-gruppi-b-e-0-rh-weekend-di-donazioni-a-pallare-stella-sassello-e-spotorno","status":"publish","type":"post","link":"https:\/\/staging.ivg.it\/2015\/02\/emergenza-sangue-carenza-di-gruppi-b-e-0-rh-weekend-di-donazioni-a-pallare-stella-sassello-e-spotorno\/","title":{"rendered":"Emergenza sangue, carenza di gruppi B e 0 Rh+: weekend di donazioni a Pallare, Stella, Sassello e Spotorno"},"content":{"rendered":"<p><strong>Pallare.<\/strong>\u00a0La Banca del Sangue dirama un appello sulla carenza di due gruppi sanguigni (B e 0 Rh+), e i donatori rispondono: sala piena, questa mattina, per l&#8217;Avis di Pallare, dove la giornata di San Valentino \u00e8 stata l&#8217;occasione per fare un vero e proprio &#8220;dono d&#8217;amore&#8221;.<\/p>\n<p>Sala piena nonostante la neve: &#8220;Fortunatamente abbiamo dei donatori che non si fanno impaurire dalla situazione meteorologica &#8211; annuisce soddisfatto il presidente, Federico Levratto &#8211; sia in estate che in inverno abbiamo un\u2019affluenza molto consistente. Riusciamo a fare, con 4 sezioni attive, circa 150 donazioni l\u2019anno di media, per noi sono un buon risultato&#8221;.<\/p>\n<p>San Valentino \u00e8 stata l&#8217;occasione giusta, per molti, per dare il proprio contributo:\u00a0&#8220;Donare \u00e8 sempre un gesto d\u2019amore &#8211; conferma Daniele Fui, presidente dell&#8217;Avis provinciale &#8211; Un gesto anonimo che si fa nei confronti di tutti, ed \u00e8 indispensabile per poter mantenere i livelli di sicurezza e i numeri necessari per gestire le emergenze sul territorio oltre alla\u00a0normalit\u00e0&#8221;.<\/p>\n<p>E l&#8217;emergenza \u00e8 tornata a bussare alla porta ieri, con l&#8217;appello dell&#8217;Avis provinciale dovuto alla carenza di alcuni gruppi sanguigni. &#8220;Stiamo sollecitando i nostri donatori &#8211; racconta Fui &#8211;\u00a0e come gi\u00e0 successo tempo addietro i nostri donatori hanno risposto\u00a0subito prontamente. Era gi\u00e0 successo tempo addietro, ed in quel caso eravamo riusciti a far conferire in brevissimo tempo\u00a0pi\u00f9 di 800 sacche al centro trasfusionale di Savona&#8221;.<\/p>\n<p>E tra le sezioni pi\u00f9 attive c&#8217;\u00e8 proprio quella di Pallare. Ma come si convince un valbormidese a venire a donare il sangue? &#8220;Intanto avendo una sezione in zona, perch\u00e9 bisogna riuscire a dare un punto di raccolta vicino &#8211; spiega Levratto &#8211; E poi con varie attivit\u00e0 extra: incontri, sagre, momenti di aggregazione che portano giovani. I nostri donatori sono eterogenei: abbiamo giovani, donne ma anche anziani che continuano a venire. Pensiamo che il contatto umano sia l\u2019ingrediente giusto&#8221;.<\/p>\n<p>Per chi volesse rispondere all&#8217;appello dell&#8217;Avis sulla carenza di sangue gruppo 0 Rh+ e gruppo B, \u00e8 possibile recarsi domani a Pallare, Stella, Sassello e Spotorno, luned\u00ec a Spotorno e marted\u00ec a Stella. Sabato prossimo 21 febbraio sar\u00e0 la volta di Carcare, mentre domenica 22 saranno aperti i punti di raccolta di Celle Ligure, Alassio, Andora, Calizzanoe Vado Ligure. A queste aperture si aggiungono i centri di Savona, Albenga e Finale, sempre aperti al luned\u00ec e al venerd\u00ec (il punto raccolta di Savona anche al mercoled\u00ec e al sabato).<\/p>\n","protected":false},"excerpt":{"rendered":"<p>Pallare.\u00a0La Banca del Sangue dirama un appello sulla carenza di due gruppi sanguigni (B e 0 Rh+), e i donatori rispondono: sala piena, questa mattina, per l&#8217;Avis di Pallare, dove la giornata di San Valentino \u00e8 stata l&#8217;occasione per fare un vero e proprio &#8220;dono d&#8217;amore&#8221;. Sala piena nonostante la neve: &#8220;Fortunatamente abbiamo dei donatori [&hellip;]<\/p>\n","protected":false},"author":10593,"featured_media":0,"comment_status":"open","ping_status":"closed","sticky":false,"template":"","format":"standard","meta":{"footnotes":""},"categories":[45296,56,34,57715],"tags":[705,33676,62141,9348,6550],"class_list":["post-283549","post","type-post","status-publish","format-standard","hentry","category-copertina","category-altre","category-cronaca","category-no-profit","tag-avis","tag-donazione-di-sangue","tag-emergenza-sangue","tag-raccolta-sangue","tag-san-valentino","post_cat_citta-pallare","post_tag_personaggi-daniele-fui","post_tag_personaggi-federico-levratto"],"amp_validity":null,"amp_enabled":true,"_links":{"self":[{"href":"https:\/\/staging.ivg.it\/ediapi\/wp\/v2\/posts\/283549","targetHints":{"allow":["GET"]}}],"collection":[{"href":"https:\/\/staging.ivg.it\/ediapi\/wp\/v2\/posts"}],"about":[{"href":"https:\/\/staging.ivg.it\/ediapi\/wp\/v2\/types\/post"}],"author":[{"embeddable":true,"href":"https:\/\/staging.ivg.it\/ediapi\/wp\/v2\/users\/10593"}],"replies":[{"embeddable":true,"href":"https:\/\/staging.ivg.it\/ediapi\/wp\/v2\/comments?post=283549"}],"version-history":[{"count":0,"href":"https:\/\/staging.ivg.it\/ediapi\/wp\/v2\/posts\/283549\/revisions"}],"wp:attachment":[{"href":"https:\/\/staging.ivg.it\/ediapi\/wp\/v2\/media?parent=283549"}],"wp:term":[{"taxonomy":"category","embeddable":true,"href":"https:\/\/staging.ivg.it\/ediapi\/wp\/v2\/categories?post=283549"},{"taxonomy":"post_tag","embeddable":true,"href":"https:\/\/staging.ivg.it\/ediapi\/wp\/v2\/tags?post=283549"}],"curies":[{"name":"wp","href":"https:\/\/api.w.org\/{rel}","templated":true}]}}