{"id":283500,"date":"2015-02-13T15:28:25","date_gmt":"2015-02-13T14:28:25","guid":{"rendered":"http:\/\/www.ivg.it\/?p=283500"},"modified":"2015-02-13T15:28:25","modified_gmt":"2015-02-13T14:28:25","slug":"maltrattamenti-verso-la-compagna-49enne-scarcerato-dal-gip-ma-non-potra-avvicinarsi-alla-donna","status":"publish","type":"post","link":"https:\/\/staging.ivg.it\/2015\/02\/maltrattamenti-verso-la-compagna-49enne-scarcerato-dal-gip-ma-non-potra-avvicinarsi-alla-donna\/","title":{"rendered":"Maltrattamenti verso la compagna: 49enne scarcerato dal gip, ma non potr\u00e0 avvicinarsi alla donna"},"content":{"rendered":"<p><strong>Pietra Ligure.<\/strong> Nella serata di mercoled\u00ec un quarantanovenne italiano, residente nell&#8217;entroterra di Pietra Ligure, \u00e8 stato arrestato con l&#8217;accusa di maltrattamenti in famiglia. Questa mattina l&#8217;uomo \u00e8 stato scarcerato, ma con l&#8217;assoluto divieto di avvicinarsi alla compagna. La decisione sull&#8217;attenuazione della misura cautelare \u00e8 stata presa dal gip Fiorenza Giorgi al temrine dell&#8217;udienza di convalida durante la quale l&#8217;uomo aveva preferito avvalersi della facolt\u00e0 di non rispondere.<\/p>\n<p>Ad arrestare il quarantanovenne erano stati i carabinieri intervenuti dopo una violenta lite domestica. La compagna dell&#8217;uomo, una quarantottenne, era stata accompagnata in ospedale per essere medicata e ai militari aveva raccontato dei continui litigi con il convivente. Quello dell&#8217;altra sera sarebbe stato infatti soltanto l&#8217;ultimo di una serie di episodi di maltrattamenti subiti dalla signora tra le mura domestiche.<\/p>\n","protected":false},"excerpt":{"rendered":"<p>Pietra Ligure. Nella serata di mercoled\u00ec un quarantanovenne italiano, residente nell&#8217;entroterra di Pietra Ligure, \u00e8 stato arrestato con l&#8217;accusa di maltrattamenti in famiglia. Questa mattina l&#8217;uomo \u00e8 stato scarcerato, ma con l&#8217;assoluto divieto di avvicinarsi alla compagna. La decisione sull&#8217;attenuazione della misura cautelare \u00e8 stata presa dal gip Fiorenza Giorgi al temrine dell&#8217;udienza di convalida [&hellip;]<\/p>\n","protected":false},"author":2394,"featured_media":0,"comment_status":"open","ping_status":"closed","sticky":false,"template":"","format":"standard","meta":{"footnotes":""},"categories":[45296,34],"tags":[228,15437],"class_list":["post-283500","post","type-post","status-publish","format-standard","hentry","category-copertina","category-cronaca","tag-carabinieri","tag-maltrattamenti-in-famiglia","post_cat_citta-pietra-ligure"],"amp_validity":null,"amp_enabled":true,"_links":{"self":[{"href":"https:\/\/staging.ivg.it\/ediapi\/wp\/v2\/posts\/283500","targetHints":{"allow":["GET"]}}],"collection":[{"href":"https:\/\/staging.ivg.it\/ediapi\/wp\/v2\/posts"}],"about":[{"href":"https:\/\/staging.ivg.it\/ediapi\/wp\/v2\/types\/post"}],"author":[{"embeddable":true,"href":"https:\/\/staging.ivg.it\/ediapi\/wp\/v2\/users\/2394"}],"replies":[{"embeddable":true,"href":"https:\/\/staging.ivg.it\/ediapi\/wp\/v2\/comments?post=283500"}],"version-history":[{"count":0,"href":"https:\/\/staging.ivg.it\/ediapi\/wp\/v2\/posts\/283500\/revisions"}],"wp:attachment":[{"href":"https:\/\/staging.ivg.it\/ediapi\/wp\/v2\/media?parent=283500"}],"wp:term":[{"taxonomy":"category","embeddable":true,"href":"https:\/\/staging.ivg.it\/ediapi\/wp\/v2\/categories?post=283500"},{"taxonomy":"post_tag","embeddable":true,"href":"https:\/\/staging.ivg.it\/ediapi\/wp\/v2\/tags?post=283500"}],"curies":[{"name":"wp","href":"https:\/\/api.w.org\/{rel}","templated":true}]}}