{"id":283233,"date":"2015-02-12T14:37:08","date_gmt":"2015-02-12T13:37:08","guid":{"rendered":"http:\/\/www.ivg.it\/?p=283233"},"modified":"2015-02-12T21:34:16","modified_gmt":"2015-02-12T20:34:16","slug":"savona-san-valentino-un-museo-per-due","status":"publish","type":"post","link":"https:\/\/staging.ivg.it\/2015\/02\/savona-san-valentino-un-museo-per-due\/","title":{"rendered":"Savona, a San Valentino un museo per due"},"content":{"rendered":"<p><strong>Savona.<\/strong> Sabato 14 febbraio, ricorrenza di San Valentino, sar\u00e0 possibile visitare le collezioni del Museo d&#8217;Arte di Palazzo Gavotti (Pinacoteca, Fondazione Milena Milani e Carlo Cardazzo, Museo della Ceramica) e del Civico Museo Archeologico e della Citt\u00e0 pagando un solo biglietto d\u2019ingresso in due.<\/p>\n<p>&#8220;Anche quest&#8217;anno &#8211; spiega l&#8217;Assessore alla Cultura Elisa Di Padova &#8211; proponiamo l&#8217;ingresso 2 x 1 per tutti gli \u201cinnamorati\u201d d\u2019arte e cultura, indipendentemente dal sesso e da qualsiasi legame possa esserci, dalla coppia di fidanzati ai nonni con nipoti, dagli amici ai fratelli\u2026 l\u2019importante \u00e8 l\u2019amore per l&#8217;arte, la cultura e la bellezza&#8221;.<\/p>\n<p>&#8220;Ricordiamo che Savona \u00e8 fra le poche citt\u00e0 ad ospitare le reliquie di San Valentino, protettore degli innamorati. Il 14 sar\u00e0 quindi l&#8217;occasione anche per una visita della Cappella di San Sisto, in fondo alla navata destra della Cattedrale di Nostra Signora Assunta, dove una lapide marmorea del sec. XVII, murata sulla parete di sinistra, fa riferimento alla presenza delle reliquie&#8221;.<\/p>\n","protected":false},"excerpt":{"rendered":"<p>Savona. Sabato 14 febbraio, ricorrenza di San Valentino, sar\u00e0 possibile visitare le collezioni del Museo d&#8217;Arte di Palazzo Gavotti (Pinacoteca, Fondazione Milena Milani e Carlo Cardazzo, Museo della Ceramica) e del Civico Museo Archeologico e della Citt\u00e0 pagando un solo biglietto d\u2019ingresso in due. &#8220;Anche quest&#8217;anno &#8211; spiega l&#8217;Assessore alla Cultura Elisa Di Padova &#8211; [&hellip;]<\/p>\n","protected":false},"author":4,"featured_media":0,"comment_status":"open","ping_status":"closed","sticky":false,"template":"","format":"standard","meta":{"footnotes":""},"categories":[],"tags":[16624,18013,6550,85850],"class_list":["post-283233","post","type-post","status-publish","format-standard","hentry","tag-elisa-di-padova","tag-innamorati","tag-san-valentino","tag-savona","post_cat_citta-andora","post_cat_citta-savona","post_tag_personaggi-elisa-di-padova-2"],"amp_validity":null,"amp_enabled":true,"_links":{"self":[{"href":"https:\/\/staging.ivg.it\/ediapi\/wp\/v2\/posts\/283233","targetHints":{"allow":["GET"]}}],"collection":[{"href":"https:\/\/staging.ivg.it\/ediapi\/wp\/v2\/posts"}],"about":[{"href":"https:\/\/staging.ivg.it\/ediapi\/wp\/v2\/types\/post"}],"author":[{"embeddable":true,"href":"https:\/\/staging.ivg.it\/ediapi\/wp\/v2\/users\/4"}],"replies":[{"embeddable":true,"href":"https:\/\/staging.ivg.it\/ediapi\/wp\/v2\/comments?post=283233"}],"version-history":[{"count":0,"href":"https:\/\/staging.ivg.it\/ediapi\/wp\/v2\/posts\/283233\/revisions"}],"wp:attachment":[{"href":"https:\/\/staging.ivg.it\/ediapi\/wp\/v2\/media?parent=283233"}],"wp:term":[{"taxonomy":"category","embeddable":true,"href":"https:\/\/staging.ivg.it\/ediapi\/wp\/v2\/categories?post=283233"},{"taxonomy":"post_tag","embeddable":true,"href":"https:\/\/staging.ivg.it\/ediapi\/wp\/v2\/tags?post=283233"}],"curies":[{"name":"wp","href":"https:\/\/api.w.org\/{rel}","templated":true}]}}