{"id":283130,"date":"2015-02-11T16:10:28","date_gmt":"2015-02-11T15:10:28","guid":{"rendered":"http:\/\/www.ivg.it\/?p=283130"},"modified":"2015-02-12T08:00:18","modified_gmt":"2015-02-12T07:00:18","slug":"dego-lex-sindaco-di-osiglia-paola-scarzella-nuovo-presidente-del-cira","status":"publish","type":"post","link":"https:\/\/staging.ivg.it\/2015\/02\/dego-lex-sindaco-di-osiglia-paola-scarzella-nuovo-presidente-del-cira\/","title":{"rendered":"Dego l&#8217;ex sindaco di Osiglia Paola Scarzella nuovo presidente del Cira"},"content":{"rendered":"<p><strong>Dego.<\/strong> Paola Scarzella, ex primo cittadino di Osiglia, \u00e8 stata nominata dai sindaci presidente del Cira di Dego. Insieme all&#8217;ingegnere Stefano Garbero, direttore del Consorzio valbormidese di depurazione delle acque, l&#8217;impegno di Scarzella \u00e8 quello di trasformare ci\u00f3 che finora \u00e8 stato un impianto esemplare, in un Ambito territoriale per il ciclo integrato dell&#8217;acqua, ossia dalla captazione al rilascio, passando per la gestione della rete idrica.<\/p>\n<p>L&#8217;ex sindaco di Osiglia sar\u00e0 coadiuvato dai consiglieri Uberto Cremonini di Cairo e Damiano Bove di Altare, e in questi giorni ogni Comune del comprensorio dovr\u00e0 approvare la delibera per l&#8217;avvio delle procedure necessarie alla costituzione di un unico Ato.<\/p>\n<p>&#8220;Il lavoro \u00e8 tanto e impegnativo, ma credo che non ci possiamo permettere di fallire in un progetto cos\u00ec importante, che rivoluzioner\u00e0 la gestione del ciclo dell&#8217;acqua e per il quale occorre a breve uniformarsi alle nuove normative di legge &#8211; spiega Scarzella &#8211; Il piano \u00e8 complesso e ancora da definire, ogni Comune ha una storia a s\u00e8 e pertanto bisogner\u00e0 tenere conto di numerosi aspetti. L&#8217;obiettivo \u00e9 quello, per\u00f2, di riuscire in un&#8217;impresa territoriale che sancisca l&#8217;indipendenza dal resto della provincia e quindi possa avere ricadute positive sulle tariffe dei valbormidesi, nonch\u00e9 sulla qualit\u00e0 del servizio&#8221;.<\/p>\n","protected":false},"excerpt":{"rendered":"<p>Dego. Paola Scarzella, ex primo cittadino di Osiglia, \u00e8 stata nominata dai sindaci presidente del Cira di Dego. Insieme all&#8217;ingegnere Stefano Garbero, direttore del Consorzio valbormidese di depurazione delle acque, l&#8217;impegno di Scarzella \u00e8 quello di trasformare ci\u00f3 che finora \u00e8 stato un impianto esemplare, in un Ambito territoriale per il ciclo integrato dell&#8217;acqua, ossia [&hellip;]<\/p>\n","protected":false},"author":10659,"featured_media":0,"comment_status":"open","ping_status":"closed","sticky":false,"template":"","format":"standard","meta":{"footnotes":""},"categories":[45296,31],"tags":[],"class_list":["post-283130","post","type-post","status-publish","format-standard","hentry","category-copertina","category-politica","post_cat_citta-dego","post_cat_citta-osiglia","post_tag_personaggi-paola-scarzella-2"],"amp_validity":null,"amp_enabled":true,"_links":{"self":[{"href":"https:\/\/staging.ivg.it\/ediapi\/wp\/v2\/posts\/283130","targetHints":{"allow":["GET"]}}],"collection":[{"href":"https:\/\/staging.ivg.it\/ediapi\/wp\/v2\/posts"}],"about":[{"href":"https:\/\/staging.ivg.it\/ediapi\/wp\/v2\/types\/post"}],"author":[{"embeddable":true,"href":"https:\/\/staging.ivg.it\/ediapi\/wp\/v2\/users\/10659"}],"replies":[{"embeddable":true,"href":"https:\/\/staging.ivg.it\/ediapi\/wp\/v2\/comments?post=283130"}],"version-history":[{"count":0,"href":"https:\/\/staging.ivg.it\/ediapi\/wp\/v2\/posts\/283130\/revisions"}],"wp:attachment":[{"href":"https:\/\/staging.ivg.it\/ediapi\/wp\/v2\/media?parent=283130"}],"wp:term":[{"taxonomy":"category","embeddable":true,"href":"https:\/\/staging.ivg.it\/ediapi\/wp\/v2\/categories?post=283130"},{"taxonomy":"post_tag","embeddable":true,"href":"https:\/\/staging.ivg.it\/ediapi\/wp\/v2\/tags?post=283130"}],"curies":[{"name":"wp","href":"https:\/\/api.w.org\/{rel}","templated":true}]}}