{"id":283064,"date":"2015-02-10T17:43:55","date_gmt":"2015-02-10T16:43:55","guid":{"rendered":"http:\/\/www.ivg.it\/?p=283064"},"modified":"2015-02-10T17:45:17","modified_gmt":"2015-02-10T16:45:17","slug":"nuoto-successo-per-il-campionato-italiano-fisdir-loano-hanno-gareggiato-254-atleti","status":"publish","type":"post","link":"https:\/\/staging.ivg.it\/2015\/02\/nuoto-successo-per-il-campionato-italiano-fisdir-loano-hanno-gareggiato-254-atleti\/","title":{"rendered":"Nuoto, successo per il campionato italiano Fisdir a Loano: hanno gareggiato 254 atleti"},"content":{"rendered":"<p><strong>Loano<\/strong>. Il nuoto Fisdir, ovvero della Federazione Italiana Sport Disabilit\u00e0 Intellettiva Relazionale, ha fatto ritorno nelle corsie dell\u2019impianto &#8220;Garassini\u201d di Loano in occasione della quinta edizione del campionato italiano in vasca corta.<\/p>\n<p>L\u2019evento, organizzato dalla societ\u00e0 La Rete, ha rinsaldato il binomio tra la disabilit\u00e0 intellettiva-relazionale e la cittadina rivierasca, gi\u00e0 protagonista nel 2010 con gli Europei Inas (International Association for para-athletes with an intellectual disability), nel 2011 con i Global Games e nel 2012 con il Mondiale Dsiso (Down Syndrome International Swimming Organization).<\/p>\n<p>La tre giorni di gare, dal 6 all&#8217;8 febbraio, ha visto in vasca 254 atleti provenienti da tutta Italia, con un indotto complessivo di mille unit\u00e0 intervenute per l\u2019occasione e ripagate con dodici nuovi record italiani. Tra questi tempi troviamo anche i nuovi primati del mondo di Chiara Franza nei 50 stile libero e di Maria Bresciani nei 100 farfalla, rispettivamente Junior e Open, nonch\u00e9 il record europeo Junior di Sabrina Chiappa nei 100 misti.<\/p>\n<p>Il campionato di nuoto in vasca corta \u00e8 stato il primo evento del calendario nazionale 2015 della Fisdir e ha permesso al referente tecnico nazionale di disciplina Marco Peciarolo di monitorare gli atleti azzurri e testarne lo stato di forma dopo gli impegni lo scorso anno in Repubblica Ceca e poi in Messico dove, nel corso del Mondiale Dsiso, la Nazionale composta da atleti con Sindrome di Down ha vinto 31 medaglie. L\u2019occasione \u00e8 stata anche importante per cominciare a lavorare in vista di una anno importante per le sorti della nazionale, dapprima impegnata nei Global Games in Ecuador e poi negli Europei Dsiso ancora a Loano.<\/p>\n<p>\u201cGli Assoluti in vasca corta confermano gli altissimi standard sotto il profilo organizzativo &#8211; osserva il ct &#8211; e poter portare qui la nostra nazionale Dsiso in novembre sar\u00e0 molto importante, perch\u00e9 ci troveremo in un contesto collaudato in cui avremo l\u2019obbligo di confermarci a livello continentale. E\u2019 un\u2019incombenza che ci dovr\u00e0 spingere a dare il massimo in questi mesi e, anche se non sono una persona che ama sbilanciarsi, sono sicuro che andremo a toglierci diverse soddisfazioni. Da diverso tempo &#8211; aggiunge Peciarolo &#8211; stiamo portando avanti un lavoro di scouting che sar\u00e0 determinante per assicurare un continuo ricambio alle nostre nazionali e le prove tempo registrate dai nostri giovani ci hanno dato conferme in tal senso\u201d.<\/p>\n<p>\u201cSono molto soddisfatto di come si \u00e8 svolto l\u2019evento &#8211; dice il presidente del C.O.L. Della Gatta &#8211; sia dal punto di vista tecnico che sotto un profilo organizzativo; voglio sottolineare quanto la buona riuscita della manifestazione sia passata per le ormai solide sinergie in essere con l\u2019amministrazione locale e la Regione Liguria, che sono state propositive e fattive nello starci accanto\u201d.<\/p>\n<p>Loano, come anticipato, torner\u00e0 ad essere il crocevia dell\u2019attivit\u00e0 internazionale gi\u00e0 dal prossimo novembre, in occasione dell\u2019Europeo Dsiso (riservato a nuotatori con sindrome di Down), a testimonianza di un sistema di accoglienza rodato e vincente. La manifestazione avr\u00e0 carattere open e conta gi\u00e0 la partecipazione di nazioni extraeuropee quali Australia, Brasile, Sudafrica e Taiwan.<\/p>\n<p>A breve saranno divulgati i risultati della manifestazione e un ampio servizio su Fisdir TV, la web tv ufficiale della Federazione Italiana Sport Disabilit\u00e0 Intellettiva Relazionale.<\/p>\n","protected":false},"excerpt":{"rendered":"<p>Loano. Il nuoto Fisdir, ovvero della Federazione Italiana Sport Disabilit\u00e0 Intellettiva Relazionale, ha fatto ritorno nelle corsie dell\u2019impianto &#8220;Garassini\u201d di Loano in occasione della quinta edizione del campionato italiano in vasca corta. L\u2019evento, organizzato dalla societ\u00e0 La Rete, ha rinsaldato il binomio tra la disabilit\u00e0 intellettiva-relazionale e la cittadina rivierasca, gi\u00e0 protagonista nel 2010 con [&hellip;]<\/p>\n","protected":false},"author":18,"featured_media":0,"comment_status":"open","ping_status":"closed","sticky":false,"template":"","format":"standard","meta":{"footnotes":""},"categories":[45296,42377,32],"tags":[7418,53236,476],"class_list":["post-283064","post","type-post","status-publish","format-standard","hentry","category-copertina","category-altri-sport","category-sport","tag-campionato-italiano","tag-fisdir","tag-nuoto","post_cat_citta-loano","post_tag_personaggi-marco-peciarolo"],"amp_validity":null,"amp_enabled":true,"_links":{"self":[{"href":"https:\/\/staging.ivg.it\/ediapi\/wp\/v2\/posts\/283064","targetHints":{"allow":["GET"]}}],"collection":[{"href":"https:\/\/staging.ivg.it\/ediapi\/wp\/v2\/posts"}],"about":[{"href":"https:\/\/staging.ivg.it\/ediapi\/wp\/v2\/types\/post"}],"author":[{"embeddable":true,"href":"https:\/\/staging.ivg.it\/ediapi\/wp\/v2\/users\/18"}],"replies":[{"embeddable":true,"href":"https:\/\/staging.ivg.it\/ediapi\/wp\/v2\/comments?post=283064"}],"version-history":[{"count":0,"href":"https:\/\/staging.ivg.it\/ediapi\/wp\/v2\/posts\/283064\/revisions"}],"wp:attachment":[{"href":"https:\/\/staging.ivg.it\/ediapi\/wp\/v2\/media?parent=283064"}],"wp:term":[{"taxonomy":"category","embeddable":true,"href":"https:\/\/staging.ivg.it\/ediapi\/wp\/v2\/categories?post=283064"},{"taxonomy":"post_tag","embeddable":true,"href":"https:\/\/staging.ivg.it\/ediapi\/wp\/v2\/tags?post=283064"}],"curies":[{"name":"wp","href":"https:\/\/api.w.org\/{rel}","templated":true}]}}